{"id":471,"date":"2012-06-02T16:29:08","date_gmt":"2012-06-02T14:29:08","guid":{"rendered":"http:\/\/www.muettergegenatomgefahr.at\/?p=471"},"modified":"2012-06-02T16:29:08","modified_gmt":"2012-06-02T14:29:08","slug":"atomstopp-eu-kommission-schutzt-atomindustrie-und-euratom","status":"publish","type":"post","link":"https:\/\/www.muettergegenatomgefahr.at\/?p=471","title":{"rendered":"atomstopp: EU-Kommission sch\u00fctzt Atomindustrie und EURATOM!"},"content":{"rendered":"<p><em>Gemeinsamer Ausstieg aus EURATOM erh\u00e4lt durch Ablehnung des europ\u00e4ischen Volksbegehrens neue Brisanz <\/em><\/p>\n<p>&#8222;Dass in der EU-Kommission klare Bef\u00fcrworter_innen der Atomlobby sitzen, ist nichts Neues und wird durch die Ablehnung des europ\u00e4ischen Volksbegehrens f\u00fcr einen europaweiten Atomausstieg zus\u00e4tzlich best\u00e4rkt!&#8220;, sind Roland Egger und Gabriele Schweiger, Sprecher von atomstopp_oberoesterreich von der jetzt bekannt gewordenen Entscheidung der EU-Kommission entr\u00fcstet!<\/p>\n<p>&#8222;Dreh- und Angelpunkt f\u00fcr einen europaweiten Atomausstieg ist der EURATOM-Vertrag und solange dieser nicht aufgel\u00f6st wird, werden sich die Atomlobbyisten in der EU-Kommission und anderswo immer auf das Prim\u00e4rrecht und die Sonderstellung der Atomenergie hinausreden!&#8220;, so Egger und Schweiger weiter.<\/p>\n<p>&#8222;Die jetzige Entscheidung der EU-Kommission ist f\u00fcr uns ein klarer Auftakt und Auftrag: Der Ausstieg einzelner Mitgliedstaaten aus dem EURATOM-Vertrag erh\u00e4lt neue Brisanz und welches Land, wenn nicht \u00d6sterreich, sollte vorangehen und den ersten Schritt machen! Kritische Stimmen und durchaus auch Ausstiegsbestrebungen aus dem EURATOM-Vertrag gibt es bereits in Deutschland! Die Kampagne &#8222;\u00d6sterreich &#8211; RAUS aus EURATOM&#8220; wird schon in Deutschland aufgegriffen! Wir werden jedenfalls unsere Aktivit\u00e4ten in Richtung EURATOM-Ausstieg verst\u00e4rken und mit einer B\u00fcrgerinitiative das \u00f6sterreichische Parlament auffordern, Schritte in Richtung Aufl\u00f6sung des EURATOM-Vertrags zu starten!&#8220;, so Egger und Schweiger abschlie\u00dfend.<\/p>\n<p>Weitere Informationen:<br \/>\nRoland Egger + 43 680 23 93 019<br \/>\nGabriele Schweiger + 43 680 33 33 625<\/p>\n","protected":false},"excerpt":{"rendered":"<p>Gemeinsamer Ausstieg aus EURATOM erh\u00e4lt durch Ablehnung des europ\u00e4ischen Volksbegehrens neue Brisanz &#8222;Dass in der EU-Kommission klare Bef\u00fcrworter_innen der Atomlobby sitzen, ist nichts Neues und wird durch die Ablehnung des europ\u00e4ischen Volksbegehrens f\u00fcr einen europaweiten Atomausstieg zus\u00e4tzlich best\u00e4rkt!&#8220;, sind Roland &hellip; <a href=\"https:\/\/www.muettergegenatomgefahr.at\/?p=471\">Weiterlesen <span class=\"meta-nav\">&rarr;<\/span><\/a><\/p>\n","protected":false},"author":2,"featured_media":0,"comment_status":"open","ping_status":"open","sticky":false,"template":"","format":"standard","meta":{"footnotes":""},"categories":[1],"tags":[],"class_list":["post-471","post","type-post","status-publish","format-standard","hentry","category-allgemein"],"_links":{"self":[{"href":"https:\/\/www.muettergegenatomgefahr.at\/index.php?rest_route=\/wp\/v2\/posts\/471","targetHints":{"allow":["GET"]}}],"collection":[{"href":"https:\/\/www.muettergegenatomgefahr.at\/index.php?rest_route=\/wp\/v2\/posts"}],"about":[{"href":"https:\/\/www.muettergegenatomgefahr.at\/index.php?rest_route=\/wp\/v2\/types\/post"}],"author":[{"embeddable":true,"href":"https:\/\/www.muettergegenatomgefahr.at\/index.php?rest_route=\/wp\/v2\/users\/2"}],"replies":[{"embeddable":true,"href":"https:\/\/www.muettergegenatomgefahr.at\/index.php?rest_route=%2Fwp%2Fv2%2Fcomments&post=471"}],"version-history":[{"count":1,"href":"https:\/\/www.muettergegenatomgefahr.at\/index.php?rest_route=\/wp\/v2\/posts\/471\/revisions"}],"predecessor-version":[{"id":472,"href":"https:\/\/www.muettergegenatomgefahr.at\/index.php?rest_route=\/wp\/v2\/posts\/471\/revisions\/472"}],"wp:attachment":[{"href":"https:\/\/www.muettergegenatomgefahr.at\/index.php?rest_route=%2Fwp%2Fv2%2Fmedia&parent=471"}],"wp:term":[{"taxonomy":"category","embeddable":true,"href":"https:\/\/www.muettergegenatomgefahr.at\/index.php?rest_route=%2Fwp%2Fv2%2Fcategories&post=471"},{"taxonomy":"post_tag","embeddable":true,"href":"https:\/\/www.muettergegenatomgefahr.at\/index.php?rest_route=%2Fwp%2Fv2%2Ftags&post=471"}],"curies":[{"name":"wp","href":"https:\/\/api.w.org\/{rel}","templated":true}]}}