{"id":474,"date":"2012-06-05T15:21:13","date_gmt":"2012-06-05T13:21:13","guid":{"rendered":"http:\/\/www.muettergegenatomgefahr.at\/?p=474"},"modified":"2012-06-05T15:21:13","modified_gmt":"2012-06-05T13:21:13","slug":"atomstopp-akw-temelin-lizenz-zum-strahlen-fur-weitere-10-jahre","status":"publish","type":"post","link":"https:\/\/www.muettergegenatomgefahr.at\/?p=474","title":{"rendered":"atomstopp: AKW Temelin &#8211; Lizenz zum Strahlen f\u00fcr weitere 10 Jahre"},"content":{"rendered":"<p><em>Offene Sicherheitsfragen aus dem Melker Abkommen f\u00fcr Umweltministerium kein Thema mehr?<\/em><\/p>\n<p>&#8222;Die heutige Nachricht, dass der Reaktorblock II im AKW Temelin durch die tschechische Atomaufsicht SUJB die Betriebsbewilligung f\u00fcr weitere 10 Jahre bekommen hat, mag erwartbar gewesen sein. Nicht erwartbar ist aber, wenn diese Nachricht im \u00f6sterreichischen Umweltministerium mit keiner Silbe erw\u00e4hnt wird und konsequenzlos hingenommen wird: Immerhin gibt es aus dem Melker Abkommen noch offene Sicherheitsfragen, die die tschechische Republik bis zum heutigen Tag nicht erf\u00fcllt hat!&#8220;, sind Roland Egger und Gabriele Schweiger, Sprecher von atomstopp_oberoesterreich entr\u00fcstet.<\/p>\n<p>&#8222;Die Lizenzverl\u00e4ngerung f\u00fcr den zweiten Block im AKW Temelin sollte f\u00fcr Um\u00a0 weltminister Berlakovich die Gelegenheit sein, unmissverst\u00e4ndlich gegen\u00fcber Tschechien klarzustellen: Das Melker Abkommen muss vollst\u00e4ndig umgesetzt werden und \u00d6sterreich wird mit allem Nachdruck darauf bestehen, dass die Sicherheitsm\u00e4ngel endlich ausger\u00e4umt werden!&#8220;, so Egger und Schweiger weiter.<\/p>\n<p>&#8222;Wir werden jedenfalls vom Umweltminister eine Stellungnahme dazu verlangen und Informationen zu seinen n\u00e4chsten Schritten zur Umsetzung des Melker Abkommens einfordern!&#8220;, so Egger und Schweiger abschlie\u00dfend.<\/p>\n<p>Weitere Informationen:<br \/>\nRoland Egger +43 680 23 93 019<br \/>\nGabriele Schweiger +43 680 33 33 625<\/p>\n","protected":false},"excerpt":{"rendered":"<p>Offene Sicherheitsfragen aus dem Melker Abkommen f\u00fcr Umweltministerium kein Thema mehr? &#8222;Die heutige Nachricht, dass der Reaktorblock II im AKW Temelin durch die tschechische Atomaufsicht SUJB die Betriebsbewilligung f\u00fcr weitere 10 Jahre bekommen hat, mag erwartbar gewesen sein. Nicht erwartbar &hellip; <a href=\"https:\/\/www.muettergegenatomgefahr.at\/?p=474\">Weiterlesen <span class=\"meta-nav\">&rarr;<\/span><\/a><\/p>\n","protected":false},"author":2,"featured_media":0,"comment_status":"open","ping_status":"open","sticky":false,"template":"","format":"standard","meta":{"footnotes":""},"categories":[1],"tags":[],"class_list":["post-474","post","type-post","status-publish","format-standard","hentry","category-allgemein"],"_links":{"self":[{"href":"https:\/\/www.muettergegenatomgefahr.at\/index.php?rest_route=\/wp\/v2\/posts\/474","targetHints":{"allow":["GET"]}}],"collection":[{"href":"https:\/\/www.muettergegenatomgefahr.at\/index.php?rest_route=\/wp\/v2\/posts"}],"about":[{"href":"https:\/\/www.muettergegenatomgefahr.at\/index.php?rest_route=\/wp\/v2\/types\/post"}],"author":[{"embeddable":true,"href":"https:\/\/www.muettergegenatomgefahr.at\/index.php?rest_route=\/wp\/v2\/users\/2"}],"replies":[{"embeddable":true,"href":"https:\/\/www.muettergegenatomgefahr.at\/index.php?rest_route=%2Fwp%2Fv2%2Fcomments&post=474"}],"version-history":[{"count":1,"href":"https:\/\/www.muettergegenatomgefahr.at\/index.php?rest_route=\/wp\/v2\/posts\/474\/revisions"}],"predecessor-version":[{"id":475,"href":"https:\/\/www.muettergegenatomgefahr.at\/index.php?rest_route=\/wp\/v2\/posts\/474\/revisions\/475"}],"wp:attachment":[{"href":"https:\/\/www.muettergegenatomgefahr.at\/index.php?rest_route=%2Fwp%2Fv2%2Fmedia&parent=474"}],"wp:term":[{"taxonomy":"category","embeddable":true,"href":"https:\/\/www.muettergegenatomgefahr.at\/index.php?rest_route=%2Fwp%2Fv2%2Fcategories&post=474"},{"taxonomy":"post_tag","embeddable":true,"href":"https:\/\/www.muettergegenatomgefahr.at\/index.php?rest_route=%2Fwp%2Fv2%2Ftags&post=474"}],"curies":[{"name":"wp","href":"https:\/\/api.w.org\/{rel}","templated":true}]}}