{"id":476,"date":"2012-06-10T19:02:38","date_gmt":"2012-06-10T17:02:38","guid":{"rendered":"http:\/\/www.muettergegenatomgefahr.at\/?p=476"},"modified":"2012-06-10T19:02:38","modified_gmt":"2012-06-10T17:02:38","slug":"atomstopp-euratom-debatte-nun-auch-in-deutschland","status":"publish","type":"post","link":"https:\/\/www.muettergegenatomgefahr.at\/?p=476","title":{"rendered":"atomstopp: EURATOM-Debatte nun auch in Deutschland"},"content":{"rendered":"<p><em> Neue parlamentarische B\u00fcrgerinitiative wird noch vor dem Sommer im \u00f6sterreichischen Parlament eingereicht<\/em><\/p>\n<p>Morgen wird es im deutschen Bundestag im Ausschuss f\u00fcr Wirtschaft und Technologie zu einer \u00d6ffentlichen Anh\u00f6rung zum Thema EURATOM kommen. Ausgangspunkt sind Antr\u00e4ge von SPD und B\u00fcndnis90\/Die Gr\u00fcnen, die auf die Aufl\u00f6sung des EURATOM-Vertrags abzielen. Entsprechende Initiativen erwarten sich die deutschen Oppositionsparteien von ihrer Bundesregierung, unter anderem die Einberufung einer Revisionskonferenz, bei der alle F\u00f6rderziele des EURATOM-Vertrags gestrichen werden sollen. Sollte das nicht gelingen, sei der Ausstieg Deutschlands aus dem EURATOM-Vertrag vorzusehen.<\/p>\n<p>&#8222;Dreh- und Angelpunkt f\u00fcr einen europaweiten Atomausstieg ist der EURATOM-Vertrag! Solange \u00fcber diesen Atomf\u00f6rdervertrag die Atomlobby gesch\u00fctzt wird und f\u00fcr die Atomindustrie eine Sonderstellung begr\u00fcndet wird, bleiben alle politischen Bem\u00fchungen f\u00fcr ein Ende der Atomindustrie reine Kosmetik!&#8220;, sind Roland Egger und Gabriele Schweiger, Sprecher von atomstopp_oberoesterreich \u00fcberzeugt. &#8222;Dass in Deutschland nun die Debatte zum EURATOM-Vertrag immer konkreter wird und nach einem Antrag von DIE LINKE auch Antr\u00e4ge der anderen Oppositionsparteien zur Diskussion stehen, sehen wir als erfreuliche Weiterentwicklung und als positiven Impuls, der auch der EURATOM-Ausstiegsdebatte in \u00d6sterreich neuen Schwung bringen wird! Rund 100 Organisationen aus dem Umwelt\/Ethik\/Antiatom-Bereich haben sich bereits der RAUS aus EURATOM-Kampagne angeschlossen, 325 Gemeinden haben Resolutionen zum Ausstieg \u00d6sterreichs aus EURATOM verabschiedet! Eine neue parlamentarische B\u00fcrgerinitiative zu EURATOM erf\u00e4hrt zurzeit rege Unterst\u00fctzung und wird noch vor dem Sommer im Petitionenausschuss eingereicht werden!&#8220;, geben sich Egger und Schweiger zuversichtlich<\/p>\n<p>weitere Informationen:<br \/>\nRoland Egger + 43 680 23 93 019<br \/>\nGabriele Schweiger + 43 680 33 33 625<\/p>\n","protected":false},"excerpt":{"rendered":"<p>Neue parlamentarische B\u00fcrgerinitiative wird noch vor dem Sommer im \u00f6sterreichischen Parlament eingereicht Morgen wird es im deutschen Bundestag im Ausschuss f\u00fcr Wirtschaft und Technologie zu einer \u00d6ffentlichen Anh\u00f6rung zum Thema EURATOM kommen. Ausgangspunkt sind Antr\u00e4ge von SPD und B\u00fcndnis90\/Die Gr\u00fcnen, &hellip; <a href=\"https:\/\/www.muettergegenatomgefahr.at\/?p=476\">Weiterlesen <span class=\"meta-nav\">&rarr;<\/span><\/a><\/p>\n","protected":false},"author":2,"featured_media":0,"comment_status":"open","ping_status":"open","sticky":false,"template":"","format":"standard","meta":{"footnotes":""},"categories":[1],"tags":[],"class_list":["post-476","post","type-post","status-publish","format-standard","hentry","category-allgemein"],"_links":{"self":[{"href":"https:\/\/www.muettergegenatomgefahr.at\/index.php?rest_route=\/wp\/v2\/posts\/476","targetHints":{"allow":["GET"]}}],"collection":[{"href":"https:\/\/www.muettergegenatomgefahr.at\/index.php?rest_route=\/wp\/v2\/posts"}],"about":[{"href":"https:\/\/www.muettergegenatomgefahr.at\/index.php?rest_route=\/wp\/v2\/types\/post"}],"author":[{"embeddable":true,"href":"https:\/\/www.muettergegenatomgefahr.at\/index.php?rest_route=\/wp\/v2\/users\/2"}],"replies":[{"embeddable":true,"href":"https:\/\/www.muettergegenatomgefahr.at\/index.php?rest_route=%2Fwp%2Fv2%2Fcomments&post=476"}],"version-history":[{"count":1,"href":"https:\/\/www.muettergegenatomgefahr.at\/index.php?rest_route=\/wp\/v2\/posts\/476\/revisions"}],"predecessor-version":[{"id":477,"href":"https:\/\/www.muettergegenatomgefahr.at\/index.php?rest_route=\/wp\/v2\/posts\/476\/revisions\/477"}],"wp:attachment":[{"href":"https:\/\/www.muettergegenatomgefahr.at\/index.php?rest_route=%2Fwp%2Fv2%2Fmedia&parent=476"}],"wp:term":[{"taxonomy":"category","embeddable":true,"href":"https:\/\/www.muettergegenatomgefahr.at\/index.php?rest_route=%2Fwp%2Fv2%2Fcategories&post=476"},{"taxonomy":"post_tag","embeddable":true,"href":"https:\/\/www.muettergegenatomgefahr.at\/index.php?rest_route=%2Fwp%2Fv2%2Ftags&post=476"}],"curies":[{"name":"wp","href":"https:\/\/api.w.org\/{rel}","templated":true}]}}