{"id":478,"date":"2012-06-13T10:16:17","date_gmt":"2012-06-13T08:16:17","guid":{"rendered":"http:\/\/www.muettergegenatomgefahr.at\/?p=478"},"modified":"2012-06-13T10:16:17","modified_gmt":"2012-06-13T08:16:17","slug":"atomstopp-tag-des-windes-2012-volle-kraft-dem-wind-und-nein-zur-unterstutzung-der-atomlobby","status":"publish","type":"post","link":"https:\/\/www.muettergegenatomgefahr.at\/?p=478","title":{"rendered":"atomstopp: Tag des Windes 2012 &#8211; Volle Kraft dem Wind und NEIN zur Unterst\u00fctzung der Atomlobby"},"content":{"rendered":"<p><em> Neue Parlamentarische B\u00fcrgerinitiative zu EURATOM kann noch morgen unterschrieben werden!<\/em><\/p>\n<p>Anl\u00e4sslich des Tages des Windes 2012 verteilt atomstopp_oberoesterreich Informationsmaterial der IG Windkraft am Taubenmarkt in Linz, und zwar von 12 bis 18 Uhr!  &#8222;\u00d6sterreichische Windkraft liefert einen wichtigen Beitrag f\u00fcr eine dezentrale, moderne und saubere Stromerzeugung! Wir w\u00fcnschen der Windenergie volle Kraft und eine breite Unterst\u00fctzung in der Bev\u00f6lkerung!&#8220;, so Roland Egger und Gabriele Schweiger, Sprecher von atomstopp_oberoesterreich.<\/p>\n<p>&#8222;Die europ\u00e4ische Atomlobby darf nicht l\u00e4nger durch Atomstromimporte gest\u00fctzt werden! \u00d6sterreichische Windkraft kann Atomstromimporte zur\u00fcckdr\u00e4ngen! Und auch \u00fcber den EURATOM-Vertrag d\u00fcrfen nicht l\u00e4nger \u00f6sterreichische Steuergelder an die Atomlobby flie\u00dfen! Stattdessen sind die Erneuerbaren Energien in \u00d6sterreich zu forcieren! Diese in der \u00f6sterreichischen Bev\u00f6lkerung weit verbreitete Ansichten haben die Politiker_innen endlich zu respektieren und die &#8222;Sinnhaftigkeit&#8220; einer \u00f6sterreichischen Mitgliedschaft beim Atomf\u00f6rderverein EURATOM zu \u00fcberdenken!&#8220;, so Egger und Schweiger abschlie\u00dfend.<\/p>\n<p><em>Hinweis: Noch morgen kann die neue Parlamentarische B\u00fcrgerinitiative betreffend der weiteren Mitgliedschaft \u00d6sterreichs bei EURATOM am Taubenmarkt in Linz zwischen 12 und 18 Uhr unterschrieben werden.<\/em><\/p>\n<p>Weitere Informationen:<br \/>\nRoland Egger + 43 680 23 93 019<br \/>\nGabriele Schweiger + 43 680 33 33 625<\/p>\n","protected":false},"excerpt":{"rendered":"<p>Neue Parlamentarische B\u00fcrgerinitiative zu EURATOM kann noch morgen unterschrieben werden! Anl\u00e4sslich des Tages des Windes 2012 verteilt atomstopp_oberoesterreich Informationsmaterial der IG Windkraft am Taubenmarkt in Linz, und zwar von 12 bis 18 Uhr! &#8222;\u00d6sterreichische Windkraft liefert einen wichtigen Beitrag f\u00fcr &hellip; <a href=\"https:\/\/www.muettergegenatomgefahr.at\/?p=478\">Weiterlesen <span class=\"meta-nav\">&rarr;<\/span><\/a><\/p>\n","protected":false},"author":2,"featured_media":0,"comment_status":"open","ping_status":"open","sticky":false,"template":"","format":"standard","meta":{"footnotes":""},"categories":[1],"tags":[],"class_list":["post-478","post","type-post","status-publish","format-standard","hentry","category-allgemein"],"_links":{"self":[{"href":"https:\/\/www.muettergegenatomgefahr.at\/index.php?rest_route=\/wp\/v2\/posts\/478","targetHints":{"allow":["GET"]}}],"collection":[{"href":"https:\/\/www.muettergegenatomgefahr.at\/index.php?rest_route=\/wp\/v2\/posts"}],"about":[{"href":"https:\/\/www.muettergegenatomgefahr.at\/index.php?rest_route=\/wp\/v2\/types\/post"}],"author":[{"embeddable":true,"href":"https:\/\/www.muettergegenatomgefahr.at\/index.php?rest_route=\/wp\/v2\/users\/2"}],"replies":[{"embeddable":true,"href":"https:\/\/www.muettergegenatomgefahr.at\/index.php?rest_route=%2Fwp%2Fv2%2Fcomments&post=478"}],"version-history":[{"count":1,"href":"https:\/\/www.muettergegenatomgefahr.at\/index.php?rest_route=\/wp\/v2\/posts\/478\/revisions"}],"predecessor-version":[{"id":479,"href":"https:\/\/www.muettergegenatomgefahr.at\/index.php?rest_route=\/wp\/v2\/posts\/478\/revisions\/479"}],"wp:attachment":[{"href":"https:\/\/www.muettergegenatomgefahr.at\/index.php?rest_route=%2Fwp%2Fv2%2Fmedia&parent=478"}],"wp:term":[{"taxonomy":"category","embeddable":true,"href":"https:\/\/www.muettergegenatomgefahr.at\/index.php?rest_route=%2Fwp%2Fv2%2Fcategories&post=478"},{"taxonomy":"post_tag","embeddable":true,"href":"https:\/\/www.muettergegenatomgefahr.at\/index.php?rest_route=%2Fwp%2Fv2%2Ftags&post=478"}],"curies":[{"name":"wp","href":"https:\/\/api.w.org\/{rel}","templated":true}]}}