{"id":480,"date":"2012-06-18T10:46:46","date_gmt":"2012-06-18T08:46:46","guid":{"rendered":"http:\/\/www.muettergegenatomgefahr.at\/?p=480"},"modified":"2012-06-18T10:46:46","modified_gmt":"2012-06-18T08:46:46","slug":"atomstopp-einladung-zur-fotoaktion-protest-aus-400-osterreichischen-gemeinden-gegen-temelin-ausbau","status":"publish","type":"post","link":"https:\/\/www.muettergegenatomgefahr.at\/?p=480","title":{"rendered":"atomstopp: Einladung zur Fotoaktion &#8222;Protest aus 400 \u00f6sterreichischen Gemeinden gegen Temelin-Ausbau&#8220;"},"content":{"rendered":"<p><em>Umweltvertr\u00e4glichkeit und Atomkraft sind ein Widerspruch in sich!<\/em><\/p>\n<p>In rund 400 \u00f6sterreichischen Gemeinden sind w\u00e4hrend der nur 30-t\u00e4gigen Einwendungsfrist ablehnende Stellungnahmen zur &#8222;Umweltvertr\u00e4glichkeit&#8220;spr\u00fcfung und gegen den Ausbau des tschechischen Atomkraftwerks Temelin gesammelt worden!<\/p>\n<p>&#8222;Den Protest aus diesen 400 \u00f6sterreichischen Gemeinden werden wir eindrucksvoll nach Tschechien bringen und bei einer Fotoaktion verdeutlichen!&#8220;, so Roland Egger und Gabriele Schweiger, Sprecher von atomstopp_oberoesterreich.<\/p>\n<p><em>Fotoaktion: Protest aus 400 \u00f6sterreichischen Gemeinden gegen Temelin-Ausbau <\/em><\/p>\n<p><em>Datum: 20. Juni 2012<\/em><br \/>\n<em>Zeit: 11:30 Uhr &#8211; 13:00 Uhr<\/em><br \/>\n<em>Ort: Umspannwerk des At  omkraftwerks Temelin<\/em><\/p>\n<p>&#8222;Umweltvertr\u00e4glichkeit und Atomkraft sind ein Widerspruch in sich! Die \u00d6sterreicher_innen lehnen Atomkraft ab und erwarten sich von ihren Politiker_innen, dass jedes Mittel gegen die atomare Bedrohung in die Hand genommen wird!&#8220;, so Egger und Schweiger weiter.<\/p>\n<p>Wir freuen uns auf Ihre Teilnahme!<\/p>\n<p>Weitere Informationen:<br \/>\nRoland Egger + 43 680 23 93 019<br \/>\nGabriele Schweiger + 43 680 33 33 625<\/p>\n","protected":false},"excerpt":{"rendered":"<p>Umweltvertr\u00e4glichkeit und Atomkraft sind ein Widerspruch in sich! In rund 400 \u00f6sterreichischen Gemeinden sind w\u00e4hrend der nur 30-t\u00e4gigen Einwendungsfrist ablehnende Stellungnahmen zur &#8222;Umweltvertr\u00e4glichkeit&#8220;spr\u00fcfung und gegen den Ausbau des tschechischen Atomkraftwerks Temelin gesammelt worden! &#8222;Den Protest aus diesen 400 \u00f6sterreichischen Gemeinden &hellip; <a href=\"https:\/\/www.muettergegenatomgefahr.at\/?p=480\">Weiterlesen <span class=\"meta-nav\">&rarr;<\/span><\/a><\/p>\n","protected":false},"author":2,"featured_media":0,"comment_status":"open","ping_status":"open","sticky":false,"template":"","format":"standard","meta":{"footnotes":""},"categories":[1],"tags":[],"class_list":["post-480","post","type-post","status-publish","format-standard","hentry","category-allgemein"],"_links":{"self":[{"href":"https:\/\/www.muettergegenatomgefahr.at\/index.php?rest_route=\/wp\/v2\/posts\/480","targetHints":{"allow":["GET"]}}],"collection":[{"href":"https:\/\/www.muettergegenatomgefahr.at\/index.php?rest_route=\/wp\/v2\/posts"}],"about":[{"href":"https:\/\/www.muettergegenatomgefahr.at\/index.php?rest_route=\/wp\/v2\/types\/post"}],"author":[{"embeddable":true,"href":"https:\/\/www.muettergegenatomgefahr.at\/index.php?rest_route=\/wp\/v2\/users\/2"}],"replies":[{"embeddable":true,"href":"https:\/\/www.muettergegenatomgefahr.at\/index.php?rest_route=%2Fwp%2Fv2%2Fcomments&post=480"}],"version-history":[{"count":1,"href":"https:\/\/www.muettergegenatomgefahr.at\/index.php?rest_route=\/wp\/v2\/posts\/480\/revisions"}],"predecessor-version":[{"id":481,"href":"https:\/\/www.muettergegenatomgefahr.at\/index.php?rest_route=\/wp\/v2\/posts\/480\/revisions\/481"}],"wp:attachment":[{"href":"https:\/\/www.muettergegenatomgefahr.at\/index.php?rest_route=%2Fwp%2Fv2%2Fmedia&parent=480"}],"wp:term":[{"taxonomy":"category","embeddable":true,"href":"https:\/\/www.muettergegenatomgefahr.at\/index.php?rest_route=%2Fwp%2Fv2%2Fcategories&post=480"},{"taxonomy":"post_tag","embeddable":true,"href":"https:\/\/www.muettergegenatomgefahr.at\/index.php?rest_route=%2Fwp%2Fv2%2Ftags&post=480"}],"curies":[{"name":"wp","href":"https:\/\/api.w.org\/{rel}","templated":true}]}}