{"id":482,"date":"2012-06-21T11:35:19","date_gmt":"2012-06-21T09:35:19","guid":{"rendered":"http:\/\/www.muettergegenatomgefahr.at\/?p=482"},"modified":"2012-06-21T11:35:19","modified_gmt":"2012-06-21T09:35:19","slug":"atomstopp-einzige-offizielle-erorterung-zur-uvp-temelin-ausbau-morgen-in-budweis","status":"publish","type":"post","link":"https:\/\/www.muettergegenatomgefahr.at\/?p=482","title":{"rendered":"atomstopp: Einzige offizielle Er\u00f6rterung zur UVP Temelin-Ausbau morgen in Budweis"},"content":{"rendered":"<p><em>Atomstaaten zeigen un\u00fcberwindbare Grenzen des grenzenlosen Europas unverbl\u00fcmt auf!<\/em><\/p>\n<p><a href=\"http:\/\/www.atomkraftfrei-leben.at\/gallery.php?name=120620_400temelin&amp;text=20.+Juni+2012%3A+Protest+aus+400+Gemeinden+gegen+Temelin&amp;i=0\">Fotos von Aktion am 20. Juni vor dem AKW Temelin &#8211; Abdruck honorarfrei, Quelle: atomstopp<\/a><\/p>\n<p>Vor der morgigen einzigen offiziellen Er\u00f6rterung zur UVP-Temelin-Ausbau zeigen sich die Vertreter von atomstopp_oberoesterreich ern\u00fcchtert. Trotz intensiven Bem\u00fchungen ist es nicht gelungen, in \u00d6sterreich eine verbindliche und im Rahmen der Umweltvertr\u00e4glichkeitspr\u00fcfung g\u00fcltige \u00f6ffentliche Er\u00f6rterung durchzusetzen.<\/p>\n<p>&#8222;Wir sind der Meinung, dass uns aufgrund internationaler \u00dcbereinkommen, wie der AARH\u00a0 US-Konvention eine Er\u00f6rterung in \u00d6sterreich zugestanden w\u00e4re und haben deshalb auch das Generalsekretariat in Genf informiert. Die Atomstaaten wie Tschechien zeigen bei der Atomenergie die un\u00fcberwindbaren Grenzen des grenzenlosen Europas unverbl\u00fcmt auf und lassen sich bei ihren atomaren Ausbaupl\u00e4nen nicht hineinreden!&#8220;, so Roland Egger und Gabriele Schweiger, Sprecher von atomstopp_oberoesterreich.<\/p>\n<p>&#8222;Aus 400 \u00f6sterreichischen Gemeinden sind im Rahmen der nur 30-t\u00e4gigen Einwendungsfrist Proteste gegen den Ausbau von Temelin bei uns eingetroffen! Auch aus Gemeinden in Tirol und Vorarlberg! Den B\u00fcrger_innen dieser Gemeinden ist es schlicht nicht zumutbar, sich stundenlang auf den Weg zur Er\u00f6rterung nach Budweis zu machen, um dort ohnedies nur zu erfahren, dass der geplante Ausbau von Temelin keinerlei Umweltauswirkungen haben wird!&#8220;, so Egger und Schweiger weiter.<\/p>\n<p>&#8222;Wir leben in einem Europa ohne Grenzen: Aber wenn es um Atomenergie geht, beharrt jeder Atomstaat auf seinen Kompetenzen und seinen Einflussbereich &#8211; da l\u00e4sst sich keiner der Atomstaaten dreinreden! Der geplante Ausbau Temelins ist eine beispiellose Gefahr f\u00fcr ganz Mitteleuropa &#8211; deshalb w\u00e4re es auch nur recht und billig, wenn ganz Mitteleuropa \u00fcber den Ausbau mitentscheiden k\u00f6nnte! So ist die Entscheidung Tschechien vorbehalten &#8211; das Risiko und die Gefahr tragen aber alle, die in Mitteleuropa leben!&#8220;, so Egger und Schweiger, die vor dem Beginn der morgigen Er\u00f6rterung in Budweis gemeinsam mit Atomgegner_innen aus \u00d6sterreich, Tschechien und Deutschland protestieren werden.<\/p>\n<p><em>Datum: 22. Juni 2012<\/em><br \/>\n<em>Beginn der Protestaktion: 9:30 Uhr<\/em><br \/>\n<em>Ort: vor der Sporthalle, Budweis<\/em><\/p>\n<p>Weitere Informationen:<br \/>\nRoland Egger + 43 680 23 93 019<br \/>\nGabriele Schweiger + 43 680 33 33 625<\/p>\n","protected":false},"excerpt":{"rendered":"<p>Atomstaaten zeigen un\u00fcberwindbare Grenzen des grenzenlosen Europas unverbl\u00fcmt auf! Fotos von Aktion am 20. Juni vor dem AKW Temelin &#8211; Abdruck honorarfrei, Quelle: atomstopp Vor der morgigen einzigen offiziellen Er\u00f6rterung zur UVP-Temelin-Ausbau zeigen sich die Vertreter von atomstopp_oberoesterreich ern\u00fcchtert. Trotz &hellip; <a href=\"https:\/\/www.muettergegenatomgefahr.at\/?p=482\">Weiterlesen <span class=\"meta-nav\">&rarr;<\/span><\/a><\/p>\n","protected":false},"author":2,"featured_media":0,"comment_status":"open","ping_status":"open","sticky":false,"template":"","format":"standard","meta":{"footnotes":""},"categories":[1],"tags":[],"class_list":["post-482","post","type-post","status-publish","format-standard","hentry","category-allgemein"],"_links":{"self":[{"href":"https:\/\/www.muettergegenatomgefahr.at\/index.php?rest_route=\/wp\/v2\/posts\/482","targetHints":{"allow":["GET"]}}],"collection":[{"href":"https:\/\/www.muettergegenatomgefahr.at\/index.php?rest_route=\/wp\/v2\/posts"}],"about":[{"href":"https:\/\/www.muettergegenatomgefahr.at\/index.php?rest_route=\/wp\/v2\/types\/post"}],"author":[{"embeddable":true,"href":"https:\/\/www.muettergegenatomgefahr.at\/index.php?rest_route=\/wp\/v2\/users\/2"}],"replies":[{"embeddable":true,"href":"https:\/\/www.muettergegenatomgefahr.at\/index.php?rest_route=%2Fwp%2Fv2%2Fcomments&post=482"}],"version-history":[{"count":1,"href":"https:\/\/www.muettergegenatomgefahr.at\/index.php?rest_route=\/wp\/v2\/posts\/482\/revisions"}],"predecessor-version":[{"id":483,"href":"https:\/\/www.muettergegenatomgefahr.at\/index.php?rest_route=\/wp\/v2\/posts\/482\/revisions\/483"}],"wp:attachment":[{"href":"https:\/\/www.muettergegenatomgefahr.at\/index.php?rest_route=%2Fwp%2Fv2%2Fmedia&parent=482"}],"wp:term":[{"taxonomy":"category","embeddable":true,"href":"https:\/\/www.muettergegenatomgefahr.at\/index.php?rest_route=%2Fwp%2Fv2%2Fcategories&post=482"},{"taxonomy":"post_tag","embeddable":true,"href":"https:\/\/www.muettergegenatomgefahr.at\/index.php?rest_route=%2Fwp%2Fv2%2Ftags&post=482"}],"curies":[{"name":"wp","href":"https:\/\/api.w.org\/{rel}","templated":true}]}}