{"id":487,"date":"2012-07-02T16:58:55","date_gmt":"2012-07-02T14:58:55","guid":{"rendered":"http:\/\/www.muettergegenatomgefahr.at\/?p=487"},"modified":"2012-07-02T16:58:55","modified_gmt":"2012-07-02T14:58:55","slug":"atomstopp-parlamentarische-euratom-burgerinitiative-jetzt-online","status":"publish","type":"post","link":"https:\/\/www.muettergegenatomgefahr.at\/?p=487","title":{"rendered":"atomstopp: Parlamentarische EURATOM-B\u00fcrgerinitiative jetzt ONLINE!"},"content":{"rendered":"<p><a title=\"Unterst\u00fctzung hier m\u00f6glich\" href=\"http:\/\/www.parlament.gv.at\/PAKT\/VHG\/XXIV\/BI\/BI_00044\/index.shtml#tab-Zustimmungserklaerung\">Unterst\u00fctzung ab sofort m\u00f6glich<\/a><\/p>\n<p>&#8222;Dreh- und Angelpunkt f\u00fcr einen europaweiten Atomausstieg ist der EURATOM-Vertrag. Solange dieser europ\u00e4ische Atomf\u00f6rder-Vertrag nicht aufgel\u00f6st wird, werden sich die Atomlobbyisten in der EU-Kommission und anderswo immer auf die Sonderstellung der Atomenergie hinausreden: J\u00fcngstes Negativbeispiel war die Ablehnung des europ\u00e4ischen B\u00fcrgerbegehrens f\u00fcr einen europaweiten Atomausstieg durch die EU-Kommission. Begr\u00fcndung daf\u00fcr: Interessenskonflikt mit dem EURATOM-Vertrag!&#8220;, so Roland Egger und Gabriele Schweiger, Sprecher von atomstopp_oberoesterreich.<\/p>\n<p>atomstopp_oberoesterreich kamp agnisiert seit Jahren gegen den EURATOM-Vertrag und \u00d6sterreichs paradoxe Mitgliedschaft darin: in allen neun Landtagen gibt es EURATOM-kritische Resolutionen, 325 Gemeinden \u00f6sterreichweit haben sich in Resolutionen an die Bundesregierung f\u00fcr einen Ausstieg \u00d6sterreichs aus EURATOM ausgesprochen, das EURATOM-Volksbegehren wurde im Jahr 2011 von knapp 100.000 \u00d6sterreicher_innen unterst\u00fctzt.<\/p>\n<p>&#8222;Die nun eingebrachte parlamentarische B\u00fcrgerinitiative ersucht den Nationalrat, sich bei der Bundesregierung f\u00fcr eine umfassende Reform des EURATOM-Vertrags einzusetzen, der EURATOM-Vertrag soll zu einem Atomausstiegsvertrag gemacht werden und die \u00f6sterreichischen Steuermittel die \u00fcber den EURATOM-Vertrag der Atomindustrie zuflie\u00dfen ausschlie\u00dflich f\u00fcr den Atomausstieg verwendet werden. Sollte diese Reform des EURATOM-Vertrags nicht gelingen, ist der Ausstieg \u00d6sterreichs aus EURATOM vorzubereiten.&#8220;, so Egger und Schweiger weiter.<\/p>\n<p>&#8222;Die 500 n\u00f6tigen Unterschriften, um eine parlamentarische B\u00fcrgerinitiative einleiten zu k\u00f6nnen, wurden am 26. Juni 2012 bei Nationalratspr\u00e4sidentin Barbara Prammer eingereicht. <a href=\"http:\/\/www.parlament.gv.at\/PAKT\/VHG\/XXIV\/BI\/BI_00044\/index.shtml#tab-Zustimmungserklaerung\">Ab sofort kann die Petition ONLINE auf der Internet-Seite des \u00f6sterreichischen Parlaments unterst\u00fctzt werden<\/a>, und zwar bis die B\u00fcrgerinitiative im Ausschuss f\u00fcr B\u00fcrgerinitiativen und Petitionen behandelt wird!&#8220;, so Egger und Schweiger abschlie\u00dfend.<\/p>\n<p>Weitere Informationen:<\/p>\n<p>Roland Egger + 43 680 23 93 019<\/p>\n<p>Gabriele Schweiger + 43 680 33 33 625<\/p>\n","protected":false},"excerpt":{"rendered":"<p>Unterst\u00fctzung ab sofort m\u00f6glich &#8222;Dreh- und Angelpunkt f\u00fcr einen europaweiten Atomausstieg ist der EURATOM-Vertrag. Solange dieser europ\u00e4ische Atomf\u00f6rder-Vertrag nicht aufgel\u00f6st wird, werden sich die Atomlobbyisten in der EU-Kommission und anderswo immer auf die Sonderstellung der Atomenergie hinausreden: J\u00fcngstes Negativbeispiel war &hellip; <a href=\"https:\/\/www.muettergegenatomgefahr.at\/?p=487\">Weiterlesen <span class=\"meta-nav\">&rarr;<\/span><\/a><\/p>\n","protected":false},"author":2,"featured_media":0,"comment_status":"open","ping_status":"open","sticky":false,"template":"","format":"standard","meta":{"footnotes":""},"categories":[1],"tags":[],"class_list":["post-487","post","type-post","status-publish","format-standard","hentry","category-allgemein"],"_links":{"self":[{"href":"https:\/\/www.muettergegenatomgefahr.at\/index.php?rest_route=\/wp\/v2\/posts\/487","targetHints":{"allow":["GET"]}}],"collection":[{"href":"https:\/\/www.muettergegenatomgefahr.at\/index.php?rest_route=\/wp\/v2\/posts"}],"about":[{"href":"https:\/\/www.muettergegenatomgefahr.at\/index.php?rest_route=\/wp\/v2\/types\/post"}],"author":[{"embeddable":true,"href":"https:\/\/www.muettergegenatomgefahr.at\/index.php?rest_route=\/wp\/v2\/users\/2"}],"replies":[{"embeddable":true,"href":"https:\/\/www.muettergegenatomgefahr.at\/index.php?rest_route=%2Fwp%2Fv2%2Fcomments&post=487"}],"version-history":[{"count":1,"href":"https:\/\/www.muettergegenatomgefahr.at\/index.php?rest_route=\/wp\/v2\/posts\/487\/revisions"}],"predecessor-version":[{"id":488,"href":"https:\/\/www.muettergegenatomgefahr.at\/index.php?rest_route=\/wp\/v2\/posts\/487\/revisions\/488"}],"wp:attachment":[{"href":"https:\/\/www.muettergegenatomgefahr.at\/index.php?rest_route=%2Fwp%2Fv2%2Fmedia&parent=487"}],"wp:term":[{"taxonomy":"category","embeddable":true,"href":"https:\/\/www.muettergegenatomgefahr.at\/index.php?rest_route=%2Fwp%2Fv2%2Fcategories&post=487"},{"taxonomy":"post_tag","embeddable":true,"href":"https:\/\/www.muettergegenatomgefahr.at\/index.php?rest_route=%2Fwp%2Fv2%2Ftags&post=487"}],"curies":[{"name":"wp","href":"https:\/\/api.w.org\/{rel}","templated":true}]}}