{"id":489,"date":"2012-07-22T10:15:41","date_gmt":"2012-07-22T08:15:41","guid":{"rendered":"http:\/\/www.muettergegenatomgefahr.at\/?p=489"},"modified":"2012-07-22T13:37:43","modified_gmt":"2012-07-22T11:37:43","slug":"atomstopp-tschechischer-prasident-will-fur-temelin-34-russische-atomreaktoren","status":"publish","type":"post","link":"https:\/\/www.muettergegenatomgefahr.at\/?p=489","title":{"rendered":"atomstopp: Tschechischer Pr\u00e4sident will f\u00fcr Temelin 3&#038;4 russische Atomreaktoren"},"content":{"rendered":"<p>\ufeff\ufeff<em>Temel\u00edn-Beauftragter hinderlich f\u00fcr die Ambitionen des Pr\u00e4sidenten<\/em><\/p>\n<p>Der Beauftragte f\u00fcr den Temel\u00edn-Ausbau V\u00e1clav Bartu\u0161ka d\u00fcrfte bald schon der ehemalige Beauftragte sein. Dass er sich den Unmut des tschechischen Pr\u00e4sidenten zugezogen hat, war anl\u00e4sslich dessen Besuchs im Atomkraftwerk Temel\u00edn nicht zu \u00fcbersehen. Die tschechischen Medien &#8211; unter anderem die renommierte Tageszeitung Lidov\u00e9 Noviny &#8211; berichteten in ihren Samstags-Ausgaben ausf\u00fchrlich dar\u00fcber.<\/p>\n<p>&#8222;Es sieht ganz danach aus, dass der tschechische Pr\u00e4sident russische Atomreaktoren in Temel\u00edn haben will und der Temel\u00edn-Beauftragte Bartu\u0161ka als ehemaliger Dissident da f\u00fcr die Ambitionen des Pr\u00e4sidenten einfach hinderlich ist!&#8220;, kommentieren Roland Egger und Gabriele Schweiger, Sprecher von atomstopp_oberoesterreich und Bernhard Riepl, Obmann des \u00f6stcrreichisch-tschechischen Vereins Sonne und Freiheit\/Slunce a Svoboda.<\/p>\n<p>Schon im Oktober 2011 hat Bartu\u0161ka den Ausbau Temelins in Frage gestellt, weil ihn keiner der Anbieter \u00fcberzeugen w\u00fcrde.<\/p>\n<p>Bartu\u0161ka hat im Feber 2012 anklingen lassen, dass der Ausbau Temel\u00edns unter Umst\u00e4nden verschoben wird und im M\u00e4rz 2012 wurde er noch deutlicher, als er gegen\u00fcber der Tageszeitung Lidov\u00e9 Noviny in den Raum stellte, dass es vier M\u00f6glichkeiten g\u00e4be, wer das Bieterrennen um den Ausbau Temel\u00edns gewinnen kann: Areva, Westinghouse, das tschechisch-russische Konsortium oder keiner von ihnen.<\/p>\n<p>Dem gl\u00fchenden Atombef\u00fcrworter V\u00e1clav Klaus m\u00fcssen diese st\u00e4ndigen Negativ-Meldungen zum Temelin-Ausbau direkt vom Beauftragten f\u00fcr den Temel\u00edn-Ausbau ziemlich nerven, dass er vergangenen Freitag den Journalisten der Tageszeitung Lidov\u00e9 Noviny fragte: &#8222;Bartu\u0161ka? Wer soll das sein? Kenne ich nicht!&#8220;<\/p>\n<p>&#8222;Ganz Tschechien wei\u00df, dass der tschechische Pr\u00e4sident nicht nur ein gro\u00dfer Atomlobbyist und sondern auch ein Russland-Freund ist. Es deutet vieles darauf hin, dass er den russischen Anbieter Atomstroyexport favorisiert! Bartu\u0161ka ist dem tschechischen Pr\u00e4sidenten bei seinen Ambitionen also \u00e4u\u00dferst ungelegen und fiel schon mehrmals dadurch auf, dass er seine Rolle kritischer sieht, als Klaus das offenbar lieb ist. Es w\u00e4re also kein Wunder, wenn Herr Bartu\u0161ka seinen Job fr\u00fcher los w\u00e4re als V\u00e1clav Klaus, dessen zweite und letzte Amtsperiode Anfang 2013 endet!&#8220;, so Egger, Schweiger und Riepl abschlie\u00dfend, die am Samstag als Vertreter_innen der Anti-Atombewegung aus \u00d6sterreich in Westb\u00f6hmen zu Gast waren.<\/p>\n<p><a href=\"http:\/\/www.muettergegenatomgefahr.at\/wp-content\/uploads\/IMG_0308.jpg\"><img loading=\"lazy\" decoding=\"async\" class=\"alignnone size-full wp-image-496\" title=\"Unterschriftenliste\/Endlager Pacejov\" src=\"http:\/\/www.muettergegenatomgefahr.at\/wp-content\/uploads\/IMG_0308.jpg\" alt=\"\" width=\"291\" height=\"218\" srcset=\"https:\/\/www.muettergegenatomgefahr.at\/wp-content\/uploads\/IMG_0308.jpg 1600w, https:\/\/www.muettergegenatomgefahr.at\/wp-content\/uploads\/IMG_0308-300x225.jpg 300w, https:\/\/www.muettergegenatomgefahr.at\/wp-content\/uploads\/IMG_0308-1024x768.jpg 1024w\" sizes=\"auto, (max-width: 291px) 100vw, 291px\" \/><\/a><a href=\"http:\/\/www.muettergegenatomgefahr.at\/wp-content\/uploads\/IMG_03181.jpg\"><img loading=\"lazy\" decoding=\"async\" class=\"alignnone size-full wp-image-493\" title=\"Endlagerprotest VA 21\/7\/12\" src=\"http:\/\/www.muettergegenatomgefahr.at\/wp-content\/uploads\/IMG_03181.jpg\" alt=\"\" width=\"292\" height=\"216\" srcset=\"https:\/\/www.muettergegenatomgefahr.at\/wp-content\/uploads\/IMG_03181.jpg 1222w, https:\/\/www.muettergegenatomgefahr.at\/wp-content\/uploads\/IMG_03181-300x223.jpg 300w, https:\/\/www.muettergegenatomgefahr.at\/wp-content\/uploads\/IMG_03181-1024x762.jpg 1024w\" sizes=\"auto, (max-width: 292px) 100vw, 292px\" \/><\/a><\/p>\n<p>Dort fand in einer der 6 m\u00f6glichen tschechischen Atomm\u00fcllendlagergemeinden ein schon allj\u00e4hrliches Protesthappening statt. B\u00fcrgermeister Miroslav Panu\u0161ka von der betroffenen Kleingemeinde Ma\u00f2ovice bei Hora\u017ed\u00f3vice versicherte dabei, dass die Gemeinde sich trotz der schlechten \u00f6konomischen Situation in der Region nicht kaufen lassen wird. Ein Endlager vor Ort w\u00e4re das Ende der Existenz der Gemeinde, meinte er und dankte auch den \u00f6sterreichischen Anti-Atom-Aktivist_innen f\u00fcr deren Unterst\u00fctzung.<\/p>\n<p>Weitere Informationen:<br \/>\nRoland Egger + 43 680 23 93 019<br \/>\nGabriele Schweiger + 43 680 33 33 625<br \/>\nBernhard Riepl + 42 077 53 83 750<\/p>\n","protected":false},"excerpt":{"rendered":"<p>\ufeff\ufeffTemel\u00edn-Beauftragter hinderlich f\u00fcr die Ambitionen des Pr\u00e4sidenten Der Beauftragte f\u00fcr den Temel\u00edn-Ausbau V\u00e1clav Bartu\u0161ka d\u00fcrfte bald schon der ehemalige Beauftragte sein. Dass er sich den Unmut des tschechischen Pr\u00e4sidenten zugezogen hat, war anl\u00e4sslich dessen Besuchs im Atomkraftwerk Temel\u00edn nicht zu &hellip; <a href=\"https:\/\/www.muettergegenatomgefahr.at\/?p=489\">Weiterlesen <span class=\"meta-nav\">&rarr;<\/span><\/a><\/p>\n","protected":false},"author":2,"featured_media":496,"comment_status":"open","ping_status":"open","sticky":false,"template":"","format":"standard","meta":{"footnotes":""},"categories":[1],"tags":[],"class_list":["post-489","post","type-post","status-publish","format-standard","has-post-thumbnail","hentry","category-allgemein"],"_links":{"self":[{"href":"https:\/\/www.muettergegenatomgefahr.at\/index.php?rest_route=\/wp\/v2\/posts\/489","targetHints":{"allow":["GET"]}}],"collection":[{"href":"https:\/\/www.muettergegenatomgefahr.at\/index.php?rest_route=\/wp\/v2\/posts"}],"about":[{"href":"https:\/\/www.muettergegenatomgefahr.at\/index.php?rest_route=\/wp\/v2\/types\/post"}],"author":[{"embeddable":true,"href":"https:\/\/www.muettergegenatomgefahr.at\/index.php?rest_route=\/wp\/v2\/users\/2"}],"replies":[{"embeddable":true,"href":"https:\/\/www.muettergegenatomgefahr.at\/index.php?rest_route=%2Fwp%2Fv2%2Fcomments&post=489"}],"version-history":[{"count":4,"href":"https:\/\/www.muettergegenatomgefahr.at\/index.php?rest_route=\/wp\/v2\/posts\/489\/revisions"}],"predecessor-version":[{"id":491,"href":"https:\/\/www.muettergegenatomgefahr.at\/index.php?rest_route=\/wp\/v2\/posts\/489\/revisions\/491"}],"wp:featuredmedia":[{"embeddable":true,"href":"https:\/\/www.muettergegenatomgefahr.at\/index.php?rest_route=\/wp\/v2\/media\/496"}],"wp:attachment":[{"href":"https:\/\/www.muettergegenatomgefahr.at\/index.php?rest_route=%2Fwp%2Fv2%2Fmedia&parent=489"}],"wp:term":[{"taxonomy":"category","embeddable":true,"href":"https:\/\/www.muettergegenatomgefahr.at\/index.php?rest_route=%2Fwp%2Fv2%2Fcategories&post=489"},{"taxonomy":"post_tag","embeddable":true,"href":"https:\/\/www.muettergegenatomgefahr.at\/index.php?rest_route=%2Fwp%2Fv2%2Ftags&post=489"}],"curies":[{"name":"wp","href":"https:\/\/api.w.org\/{rel}","templated":true}]}}