{"id":499,"date":"2012-07-25T13:50:57","date_gmt":"2012-07-25T11:50:57","guid":{"rendered":"http:\/\/www.muettergegenatomgefahr.at\/?p=499"},"modified":"2012-07-25T13:50:57","modified_gmt":"2012-07-25T11:50:57","slug":"duell-russland-gegen-usa-beim-temelin-ausbau","status":"publish","type":"post","link":"https:\/\/www.muettergegenatomgefahr.at\/?p=499","title":{"rendered":"Duell Russland gegen USA beim Temelin-Ausbau!"},"content":{"rendered":"<p><em>Au\u00dfenminister Schwarzenberg eilt Temelin-Beauftragem Bartu\u0161ka zu Hilfe<\/em><\/p>\n<p>Ein brisantes Duell scheint sich nach der unverhohlenen Kritik von Pr\u00e4sident V\u00e1clav Klaus am amtierenden Temelin-Beauftragten V\u00e1clav Bartu\u0161ka anzubahnen. Niemand geringerer als Au\u00dfenminister Karel Schwarzenberg eilte dem angegriffenen Bartu\u0161ka laut der heutigen Ausgabe der Tageszeitung Lidovn\u00e9 Noviny zu Hilfe. Mehr noch: eher seien diejenigen in Frage zu stellen, die Bartu\u0161ka Professionalit\u00e4t bezweifeln.<\/p>\n<p>Tats\u00e4chlich k\u00f6nnten neben pers\u00f6nlichen Animosit\u00e4ten vor allem ideologische Gr\u00fcnde hinter der Auseinandersetzung stecken &#8211; vermutet atomstopp_oberoesterreich: &#8222;Klaus gilt gemeinhin als Moskau-Freund, Schwarzenberg hingegen kann seine Washington-Vorlieben nur schwer verbergen!&#8220;, so Roland Egger und Gabriele Schweiger. &#8222;Und beide Staaten, Russland und die USA, stehen sich im Bieterrennen f\u00fcr den Temelin-Ausbau als Konkurrenten gegen\u00fcber! Man kann sich also nicht des Eindrucks erwehren, dass hier zwei prominente Lobbyisten f\u00fcr ihre jeweilig bevorzugte Ideologie zu Gange sind!&#8220;<\/p>\n<p>Den Atomgegner_innen ist der zwischen die Fronten geratende Temelin-Beauftragte Bartu\u0161ka vor allem dadurch aufgefallen, dass er sich schon mehrfach negativ zum Selbstverst\u00e4ndnis einer Realisierung des Temelin-Ausbaus ge\u00e4u\u00dfert hatte. &#8222;Sowohl eine Verschiebung der Temelin-Erweiterung hat Bartu\u0161ka bereits ins Spiel gebracht als auch eine m\u00f6gliche Ablehnung aller drei derzeit vorliegenden Angebote! F\u00fcr uns ist es durchaus begr\u00fc\u00dfenswert, wenn der daf\u00fcr zust\u00e4ndige Regierungs-Stratege ganz genau erw\u00e4gt, ob der Bau der Reaktoren 3&amp;4 in Temelin auch tats\u00e4chlich eine vern\u00fcnftige Entscheidung ist! Zum einen liegen keine aktuellen Referenzprojekte der Anbieter vor und andrerseits ist, wie durch tschechische und internationale Experten best\u00e4tigt, die Finanzierung des Projekts mit Recht als h\u00f6chstriskant zu bezeichnen!&#8220; so Egger und Schweiger abschlie\u00dfend.<\/p>\n<p>Weitere Informationen:<br \/>\nRoland Egger + 43 680 23 93 019<br \/>\nGabriele Schweiger + 43 680 33 33 625<\/p>\n","protected":false},"excerpt":{"rendered":"<p>Au\u00dfenminister Schwarzenberg eilt Temelin-Beauftragem Bartu\u0161ka zu Hilfe Ein brisantes Duell scheint sich nach der unverhohlenen Kritik von Pr\u00e4sident V\u00e1clav Klaus am amtierenden Temelin-Beauftragten V\u00e1clav Bartu\u0161ka anzubahnen. Niemand geringerer als Au\u00dfenminister Karel Schwarzenberg eilte dem angegriffenen Bartu\u0161ka laut der heutigen Ausgabe &hellip; <a href=\"https:\/\/www.muettergegenatomgefahr.at\/?p=499\">Weiterlesen <span class=\"meta-nav\">&rarr;<\/span><\/a><\/p>\n","protected":false},"author":2,"featured_media":0,"comment_status":"open","ping_status":"open","sticky":false,"template":"","format":"standard","meta":{"footnotes":""},"categories":[1],"tags":[],"class_list":["post-499","post","type-post","status-publish","format-standard","hentry","category-allgemein"],"_links":{"self":[{"href":"https:\/\/www.muettergegenatomgefahr.at\/index.php?rest_route=\/wp\/v2\/posts\/499","targetHints":{"allow":["GET"]}}],"collection":[{"href":"https:\/\/www.muettergegenatomgefahr.at\/index.php?rest_route=\/wp\/v2\/posts"}],"about":[{"href":"https:\/\/www.muettergegenatomgefahr.at\/index.php?rest_route=\/wp\/v2\/types\/post"}],"author":[{"embeddable":true,"href":"https:\/\/www.muettergegenatomgefahr.at\/index.php?rest_route=\/wp\/v2\/users\/2"}],"replies":[{"embeddable":true,"href":"https:\/\/www.muettergegenatomgefahr.at\/index.php?rest_route=%2Fwp%2Fv2%2Fcomments&post=499"}],"version-history":[{"count":2,"href":"https:\/\/www.muettergegenatomgefahr.at\/index.php?rest_route=\/wp\/v2\/posts\/499\/revisions"}],"predecessor-version":[{"id":501,"href":"https:\/\/www.muettergegenatomgefahr.at\/index.php?rest_route=\/wp\/v2\/posts\/499\/revisions\/501"}],"wp:attachment":[{"href":"https:\/\/www.muettergegenatomgefahr.at\/index.php?rest_route=%2Fwp%2Fv2%2Fmedia&parent=499"}],"wp:term":[{"taxonomy":"category","embeddable":true,"href":"https:\/\/www.muettergegenatomgefahr.at\/index.php?rest_route=%2Fwp%2Fv2%2Fcategories&post=499"},{"taxonomy":"post_tag","embeddable":true,"href":"https:\/\/www.muettergegenatomgefahr.at\/index.php?rest_route=%2Fwp%2Fv2%2Ftags&post=499"}],"curies":[{"name":"wp","href":"https:\/\/api.w.org\/{rel}","templated":true}]}}