{"id":514,"date":"2012-09-27T09:33:09","date_gmt":"2012-09-27T07:33:09","guid":{"rendered":"http:\/\/www.muettergegenatomgefahr.at\/?p=514"},"modified":"2012-09-27T13:38:47","modified_gmt":"2012-09-27T11:38:47","slug":"atomkraft-in-tschechien-alte-versprechen-neue-bedrohungen","status":"publish","type":"post","link":"https:\/\/www.muettergegenatomgefahr.at\/?p=514","title":{"rendered":"Atomkraft in Tschechien &#8222;Alte Versprechen &#8211; neue Bedrohungen!"},"content":{"rendered":"<p><em>Offener Brief an den ober\u00f6sterreichischen Landeshauptmann Dr.  Josef P\u00fchringer<\/em><\/p>\n<p>Sehr geehrter Herr Landeshauptmann!<\/p>\n<p>&#8222;Alte  Spuren &#8211; neue Wege&#8220; &#8211; so lautet das Motto der von Ober\u00f6sterreich  gemeinsam mit S\u00fcdb\u00f6hmen geplanten Landesausstellung 2013. Das ist  durchaus ein sch\u00f6ner Leitsatz, ober\u00f6sterreichische Antiatom-Organisationen warnen aus ihrer Perspektive  jedoch, dass vor allem auch &#8222;Alte Versprechen &#8211; neue Bedrohungen&#8220; im  Raum stehen. Wir appellieren in diesem Sinne dringend an Sie, sich  vorbehaltlos f\u00fcr den Schutz Ober\u00f6sterreichs und S\u00fcdb\u00f6hmens einzusetzen,  und zwar vor den atomaren Bedrohungen.<\/p>\n<p>Im Melker Abkommen wurde  der Bev\u00f6lkerung zugesichert, dass s\u00e4mtliche h\u00f6chstsicher  heitsrelevanten Fragen bei den Atomreaktoren Temelin 1 und Temelin 2  vor der Aufnahme des kommerziellen Betriebs gel\u00f6st werden. Heute &#8211; mehr  als 10 Jahre nach dem Abschluss des Melker Abkommens &#8211; sind nach wie vor  Sicherheitsfragen ungel\u00f6st. Unter anderem ist belegt, dass die  tschechischen Beh\u00f6rden die Erdbebengef\u00e4hrdung des Standorts gravierend  untersch\u00e4tzen.<\/p>\n<p>Die tschechische Republik ist ihrem &#8222;alten  Versprechen&#8220; aus dem Melker Abkommen also bis heute nicht umfassend  nachgekommen, mehr noch: die tschechische Republik plant am Standort  Temelin den Bau zweier weiterer Atomreaktoren und schafft damit &#8222;neue  Bedrohungen&#8220;!<\/p>\n<p>Von den ober\u00f6sterreichischen  Antiatom-Organisationen wurden innerhalb der nur 30t\u00e4gigen  Einwendungsfrist mehr als 22.500 Unterschriften gegen den Bau  zus\u00e4tzlicher Atomreaktoren gesammelt. Erstaunlicherweise sehen die  tschechischen Beh\u00f6rden kein Problem darin, obwohl noch nicht einma  l feststeht, welche Atomreaktoren in Temelin gebaut werden sollen,  ihnen die Unbedenklichkeit auszustellen!<\/p>\n<p>Die atomaren Bedrohungen  gehen aber auch weit \u00fcber unsere Generationen und \u00fcber die aktuelle  Gefahr durch den Betrieb des Atomkraftwerks Temelin und den Bau neuer  Atomreaktoren hinaus: Die Frage der Endlagerung der hochradioaktiven  Abf\u00e4lle wird noch Generationen nach uns besch\u00e4ftigen und es ist nicht  auszuschlie\u00dfen, dass das Endlager f\u00fcr die Abf\u00e4lle in unmittelbare N\u00e4he  zu Ober\u00f6sterreich errichtet wird.<\/p>\n<p>Die Vereine, die sich mit  diesem Offenen Brief an Sie wenden, verstehen sich als Teil der  Antiatom-Offensive des Landes Ober\u00f6sterreich und stehen seit vielen  Jahren &#8211; auch gemeinsam mit Ihnen &#8211; an vorderster Front im Widerstand  gegen die Atomkraft.<\/p>\n<p>Wir w\u00fcrden uns w\u00fcnschen, &#8222;Atomkraft in  Tschechien&#8220; auch bei der Landesausstellung 2013 thematisiert zu sehen  und appellieren an   Sie: Eine gute Partnerschaft &#8211; wie sie zweifelsfrei angestrebt und  gew\u00fcnscht wird &#8211; sollte nicht mit alten Versprechen, die nicht  eingehalten wurden und neuen Bedrohungen belastet werden.<\/p>\n<p>Wir vertrauen auf Ihre Unterst\u00fctzung im gemeinsamen Widerstand gegen die Atomkraft.<\/p>\n<p>Mit besten Gr\u00fc\u00dfen<br \/>\nRoland Egger &#8211; Obmann atomstopp_atomkraftfrei leben!<br \/>\nGabriele Schweiger &#8211; Obfrau Freist\u00e4dter M\u00fctter gegen Atomgefahr<\/p>\n<p>weitere Informationen:<br \/>\nRoland Egger + 43 680 23 93 019<br \/>\nGabriele Schweiger + 43 680 33 33 625<\/p>\n","protected":false},"excerpt":{"rendered":"<p>Offener Brief an den ober\u00f6sterreichischen Landeshauptmann Dr. Josef P\u00fchringer Sehr geehrter Herr Landeshauptmann! &#8222;Alte Spuren &#8211; neue Wege&#8220; &#8211; so lautet das Motto der von Ober\u00f6sterreich gemeinsam mit S\u00fcdb\u00f6hmen geplanten Landesausstellung 2013. Das ist durchaus ein sch\u00f6ner Leitsatz, ober\u00f6sterreichische Antiatom-Organisationen &hellip; <a href=\"https:\/\/www.muettergegenatomgefahr.at\/?p=514\">Weiterlesen <span class=\"meta-nav\">&rarr;<\/span><\/a><\/p>\n","protected":false},"author":2,"featured_media":0,"comment_status":"open","ping_status":"open","sticky":false,"template":"","format":"standard","meta":{"footnotes":""},"categories":[1],"tags":[],"class_list":["post-514","post","type-post","status-publish","format-standard","hentry","category-allgemein"],"_links":{"self":[{"href":"https:\/\/www.muettergegenatomgefahr.at\/index.php?rest_route=\/wp\/v2\/posts\/514","targetHints":{"allow":["GET"]}}],"collection":[{"href":"https:\/\/www.muettergegenatomgefahr.at\/index.php?rest_route=\/wp\/v2\/posts"}],"about":[{"href":"https:\/\/www.muettergegenatomgefahr.at\/index.php?rest_route=\/wp\/v2\/types\/post"}],"author":[{"embeddable":true,"href":"https:\/\/www.muettergegenatomgefahr.at\/index.php?rest_route=\/wp\/v2\/users\/2"}],"replies":[{"embeddable":true,"href":"https:\/\/www.muettergegenatomgefahr.at\/index.php?rest_route=%2Fwp%2Fv2%2Fcomments&post=514"}],"version-history":[{"count":3,"href":"https:\/\/www.muettergegenatomgefahr.at\/index.php?rest_route=\/wp\/v2\/posts\/514\/revisions"}],"predecessor-version":[{"id":516,"href":"https:\/\/www.muettergegenatomgefahr.at\/index.php?rest_route=\/wp\/v2\/posts\/514\/revisions\/516"}],"wp:attachment":[{"href":"https:\/\/www.muettergegenatomgefahr.at\/index.php?rest_route=%2Fwp%2Fv2%2Fmedia&parent=514"}],"wp:term":[{"taxonomy":"category","embeddable":true,"href":"https:\/\/www.muettergegenatomgefahr.at\/index.php?rest_route=%2Fwp%2Fv2%2Fcategories&post=514"},{"taxonomy":"post_tag","embeddable":true,"href":"https:\/\/www.muettergegenatomgefahr.at\/index.php?rest_route=%2Fwp%2Fv2%2Ftags&post=514"}],"curies":[{"name":"wp","href":"https:\/\/api.w.org\/{rel}","templated":true}]}}