{"id":537,"date":"2012-11-12T11:10:18","date_gmt":"2012-11-12T09:10:18","guid":{"rendered":"http:\/\/www.muettergegenatomgefahr.at\/?p=537"},"modified":"2012-11-12T11:10:18","modified_gmt":"2012-11-12T09:10:18","slug":"bundesprasident-und-nationalratsprasidentin-mussen-offene-sicherheitsfragen-im-akw-temelin-thematisieren","status":"publish","type":"post","link":"https:\/\/www.muettergegenatomgefahr.at\/?p=537","title":{"rendered":"Bundespr\u00e4sident und Nationalratspr\u00e4sidentin m\u00fcssen offene Sicherheitsfragen im AKW Temelin thematisieren!"},"content":{"rendered":"<p>T<em>schechischer Pr\u00e4sident Vaclav Klaus ab morgen auf Staatsbesuch in \u00d6sterreich<\/em><\/p>\n<p>&#8222;Der tschechische Pr\u00e4sident Vaclav Klaus ist als besonders strahlender Bef\u00fcrworter der Atomkraft bekannt! Wir vertrauen darauf, dass Bundespr\u00e4sident Heinz Fischer und Nationalratspr\u00e4sidentin Barbara Prammer mit besonders diplomatischem Geschick die richtigen Worte zu unserer aller Sicherheit finden werden! Keinesfalls darf das Thema &#8222;Offene Sicherheitsfragen im AKW Temelin&#8220; beim morgen beginnenden Staatsbesuch des tschechischen Pr\u00e4sidenten aber aus falsch verstandener R\u00fccksichtnahme und diplomatischer Usancen ausgeklammert werden!&#8220;, so Roland Egger und Gabriele Schweiger, Sprecher von atomstopp_oberoesterreich.<\/p>\n<p>Trotz Zusicherung Tschechiens im Melker Abkommen, s\u00e4mtliche offenen Sicherheitsfragen im AKW Temelin noch vor der Aufnahme des kommerziellen Betriebs zu l\u00f6sen, herrschen immer noch gravierende Unstimmigkeiten \u00fcber das erreichte Sicherheitsniveau der beiden Atomreaktoren Temelin 1 und Temelin 2.<\/p>\n<p>&#8222;Gerade die Frage der Erdbebengef\u00e4hrdung am Standort Temelin ist bis heute ungel\u00f6st! Internationale Experten gehen davon aus, dass man in Tschechien die Gefahr eines Erdbebens massiv untersch\u00e4tzt &#8211; und deshalb das AKW Temelin eine besondere Gefahr f\u00fcr Europa darstellt!&#8220;, so Egger und Schweiger weiter.  &#8222;Wir appellieren deshalb an den Bundespr\u00e4sidenten und an die Nationalratspr\u00e4sidentin beim morgen beginnenden Staatsbesuch des tschechischen Pr\u00e4sidenten, die offenen Sicherheitsfragen im AKW Temelin klar anzusprechen! Zu unserer aller Sicherheit!&#8220;, so Egger und Schweiger abschlie\u00dfend.<\/p>\n<p>Weitere Informationen:<br \/>\nRoland Egger + 43 680 23 93 019<br \/>\nGabriele Schweiger + 43 680 33 33 625<\/p>\n","protected":false},"excerpt":{"rendered":"<p>Tschechischer Pr\u00e4sident Vaclav Klaus ab morgen auf Staatsbesuch in \u00d6sterreich &#8222;Der tschechische Pr\u00e4sident Vaclav Klaus ist als besonders strahlender Bef\u00fcrworter der Atomkraft bekannt! Wir vertrauen darauf, dass Bundespr\u00e4sident Heinz Fischer und Nationalratspr\u00e4sidentin Barbara Prammer mit besonders diplomatischem Geschick die richtigen &hellip; <a href=\"https:\/\/www.muettergegenatomgefahr.at\/?p=537\">Weiterlesen <span class=\"meta-nav\">&rarr;<\/span><\/a><\/p>\n","protected":false},"author":2,"featured_media":0,"comment_status":"open","ping_status":"open","sticky":false,"template":"","format":"standard","meta":{"footnotes":""},"categories":[1],"tags":[],"class_list":["post-537","post","type-post","status-publish","format-standard","hentry","category-allgemein"],"_links":{"self":[{"href":"https:\/\/www.muettergegenatomgefahr.at\/index.php?rest_route=\/wp\/v2\/posts\/537","targetHints":{"allow":["GET"]}}],"collection":[{"href":"https:\/\/www.muettergegenatomgefahr.at\/index.php?rest_route=\/wp\/v2\/posts"}],"about":[{"href":"https:\/\/www.muettergegenatomgefahr.at\/index.php?rest_route=\/wp\/v2\/types\/post"}],"author":[{"embeddable":true,"href":"https:\/\/www.muettergegenatomgefahr.at\/index.php?rest_route=\/wp\/v2\/users\/2"}],"replies":[{"embeddable":true,"href":"https:\/\/www.muettergegenatomgefahr.at\/index.php?rest_route=%2Fwp%2Fv2%2Fcomments&post=537"}],"version-history":[{"count":1,"href":"https:\/\/www.muettergegenatomgefahr.at\/index.php?rest_route=\/wp\/v2\/posts\/537\/revisions"}],"predecessor-version":[{"id":538,"href":"https:\/\/www.muettergegenatomgefahr.at\/index.php?rest_route=\/wp\/v2\/posts\/537\/revisions\/538"}],"wp:attachment":[{"href":"https:\/\/www.muettergegenatomgefahr.at\/index.php?rest_route=%2Fwp%2Fv2%2Fmedia&parent=537"}],"wp:term":[{"taxonomy":"category","embeddable":true,"href":"https:\/\/www.muettergegenatomgefahr.at\/index.php?rest_route=%2Fwp%2Fv2%2Fcategories&post=537"},{"taxonomy":"post_tag","embeddable":true,"href":"https:\/\/www.muettergegenatomgefahr.at\/index.php?rest_route=%2Fwp%2Fv2%2Ftags&post=537"}],"curies":[{"name":"wp","href":"https:\/\/api.w.org\/{rel}","templated":true}]}}