{"id":539,"date":"2012-11-15T10:11:56","date_gmt":"2012-11-15T08:11:56","guid":{"rendered":"http:\/\/www.muettergegenatomgefahr.at\/?p=539"},"modified":"2012-11-15T10:11:56","modified_gmt":"2012-11-15T08:11:56","slug":"deutsche-und-osterreichische-euratom-gegner_innen-beraten-uber-strategien-fur-2013","status":"publish","type":"post","link":"https:\/\/www.muettergegenatomgefahr.at\/?p=539","title":{"rendered":"Deutsche und \u00f6sterreichische EURATOM-Gegner_innen beraten \u00fcber Strategien f\u00fcr 2013!"},"content":{"rendered":"<p><em>Konferenz am Samstag, 17. November in Linz mit Eva Bulling-Schr\u00f6ter (Vorsitzende im Umweltausschuss im deutschen Bundestag) und Christiane Brunner (Vorsitzende im Umweltausschuss im \u00f6sterreichischen Nationalrat)<\/em><\/p>\n<p>&#8222;Wer den europaweiten Atomausstieg will, wird um den Atomf\u00f6rderverein EURATOM nicht herumkommen! Seit dem Jahr 1957 verfolgt EURATOM nur ein Ziel, n\u00e4mlich den raschen Aufbau einer m\u00e4chtigen europ\u00e4ischen Atomindustrie! Damit blockiert EURATOM nat\u00fcrlich jede Initiative f\u00fcr einen europaweiten Atomausstieg!&#8220;, so Roland Egger und Gabriele Schweiger, Sprecher von atomstopp_oberoesterreich und Organisatoren der Konferenz &#8222;Europaweiter Atomausstieg: Eine Frage von EURATOM!&#8220;, die am kommenden Samstag im O\u00d6 Kul\u00a0 turquartier in Linz stattfindet.<\/p>\n<p>Bei der eint\u00e4gigen Konferenz werden bisherige Ans\u00e4tze der \u00f6sterreichischen Kampagne &#8222;RAUS aus EURATOM&#8220; vorgestellt und mit deutschen EURATOM-Gegner_innen \u00fcber deren Ans\u00e4tze beraten, mit dem Ziel, gemeinsame Strategien zu entwickeln.<\/p>\n<p>&#8222;Bei der Konferenz gilt es aus unserer Sicht auch, jene Gruppen zu benennen, die sogar nach FUKUSHIMA und TSCHERNOBYL, offen oder verdeckt, immer noch als EURATOM-Lobbyisten auftreten und verhindern, dass endlich auch auf politischer Ebene effektive Ma\u00dfnahmen gegen die Atomf\u00f6rderung \u00fcber EURATOM ergriffen werden. Im EURATOM-Forschungsprogramm f\u00fcr die Jahre 2014 bis 2020 will die EU-Kommission sogar eine Erh\u00f6hung des Budgets!&#8220;, so Egger und Schweiger abschlie\u00dfend.<\/p>\n<p>Weitere Informationen:<br \/>\nRoland Egger + 43 680 23 93 019<br \/>\nGabriele Schweiger + 43 680 33 33 625<\/p>\n","protected":false},"excerpt":{"rendered":"<p>Konferenz am Samstag, 17. November in Linz mit Eva Bulling-Schr\u00f6ter (Vorsitzende im Umweltausschuss im deutschen Bundestag) und Christiane Brunner (Vorsitzende im Umweltausschuss im \u00f6sterreichischen Nationalrat) &#8222;Wer den europaweiten Atomausstieg will, wird um den Atomf\u00f6rderverein EURATOM nicht herumkommen! Seit dem Jahr &hellip; <a href=\"https:\/\/www.muettergegenatomgefahr.at\/?p=539\">Weiterlesen <span class=\"meta-nav\">&rarr;<\/span><\/a><\/p>\n","protected":false},"author":2,"featured_media":0,"comment_status":"open","ping_status":"open","sticky":false,"template":"","format":"standard","meta":{"footnotes":""},"categories":[1],"tags":[],"class_list":["post-539","post","type-post","status-publish","format-standard","hentry","category-allgemein"],"_links":{"self":[{"href":"https:\/\/www.muettergegenatomgefahr.at\/index.php?rest_route=\/wp\/v2\/posts\/539","targetHints":{"allow":["GET"]}}],"collection":[{"href":"https:\/\/www.muettergegenatomgefahr.at\/index.php?rest_route=\/wp\/v2\/posts"}],"about":[{"href":"https:\/\/www.muettergegenatomgefahr.at\/index.php?rest_route=\/wp\/v2\/types\/post"}],"author":[{"embeddable":true,"href":"https:\/\/www.muettergegenatomgefahr.at\/index.php?rest_route=\/wp\/v2\/users\/2"}],"replies":[{"embeddable":true,"href":"https:\/\/www.muettergegenatomgefahr.at\/index.php?rest_route=%2Fwp%2Fv2%2Fcomments&post=539"}],"version-history":[{"count":1,"href":"https:\/\/www.muettergegenatomgefahr.at\/index.php?rest_route=\/wp\/v2\/posts\/539\/revisions"}],"predecessor-version":[{"id":540,"href":"https:\/\/www.muettergegenatomgefahr.at\/index.php?rest_route=\/wp\/v2\/posts\/539\/revisions\/540"}],"wp:attachment":[{"href":"https:\/\/www.muettergegenatomgefahr.at\/index.php?rest_route=%2Fwp%2Fv2%2Fmedia&parent=539"}],"wp:term":[{"taxonomy":"category","embeddable":true,"href":"https:\/\/www.muettergegenatomgefahr.at\/index.php?rest_route=%2Fwp%2Fv2%2Fcategories&post=539"},{"taxonomy":"post_tag","embeddable":true,"href":"https:\/\/www.muettergegenatomgefahr.at\/index.php?rest_route=%2Fwp%2Fv2%2Ftags&post=539"}],"curies":[{"name":"wp","href":"https:\/\/api.w.org\/{rel}","templated":true}]}}