{"id":565,"date":"2013-01-23T11:01:35","date_gmt":"2013-01-23T09:01:35","guid":{"rendered":"http:\/\/www.muettergegenatomgefahr.at\/?p=565"},"modified":"2013-01-23T11:01:35","modified_gmt":"2013-01-23T09:01:35","slug":"atomstopp-konsequente-antiatom-politik-in-oo-als-auftrag-fur-bundesregierung","status":"publish","type":"post","link":"https:\/\/www.muettergegenatomgefahr.at\/?p=565","title":{"rendered":"atomstopp: Konsequente Antiatom-Politik in O\u00d6 als Auftrag f\u00fcr Bundesregierung!"},"content":{"rendered":"<p><em> EURATOM-Forschungsprogramm muss dem europaweiten Atomausstieg angepasst werden!<\/em><\/p>\n<p>&#8222;Wir freuen uns sehr, dass sich der ober\u00f6sterreichische Landtag in seiner j\u00fcngsten Antiatom-Resolution nicht nur ganz klar gegen den Ausbau des Atomkraftwerks Temelin ausspricht, sondern auch von der Bundesregierung verlangt, dass der EURATOM-Vertrag zum Atomausstiegsvertrag gemacht wird!&#8220;, so Roland Egger und Gabriele Schweiger, Sprecher von atomstopp_obreoesterreich.<\/p>\n<p>Die ober\u00f6sterreichische Antiatom-Resolution sollte Wissenschaftsminister T\u00f6chterle bei den derzeitigen Verhandlungen zum EURATOM-Forschungsprogramm den R\u00fccken st\u00e4rken. Bis Mitte des Jahres 2013 soll klar sein, in welche Richtung die Atomforschung f\u00fcr die Jahre 2014 bis 2018 laufen wird.<\/p>\n<p>&#8222;Derzeit schaut es leider so aus, dass die Atomlobbyisten st\u00e4rker w\u00e4ren, denn auch beim besten Willen kann man im Vorschlag der EU-Kommission zur Atomforschung keinen Hinweis auf einen europaweiten Atomausstieg erkennen. Im Gegenteil: F\u00fcr Forschungsarbeiten an &#8222;neuartigen&#8220; Reaktortypen, steht mit 145 Millionen Euro j\u00e4hrlich ein doppelt so hohes Budget zur Verf\u00fcgung wie f\u00fcr Strahlenschutz und Kernspaltung gemeinsam!&#8220;, so Egger und Schweiger weiter.<\/p>\n<p>&#8222;Es soll zuk\u00fcnftig aber nicht an &#8222;neuartigen&#8220; Reaktortypen geforscht werden: Die EURATOM-Forschung sollte sich ausschlie\u00dflich mit der Abwrackung der Atomkraftwerke und der Endlagerung der hochradioaktiven Abf\u00e4lle auseinandersetzen &#8211; beides sind Jahrhundertaufgaben, die noch Generationen nach uns besch\u00e4ftigen werden! Je fr\u00fcher Europa aus der Atomkraft aussteigt, umso besser f\u00fcr alle!&#8220;, so Egger und Schweiger abschlie\u00dfend.<\/p>\n<p>Weitere Informationen:<br \/>\nRoland Egger +43 680 23 93 019<br \/>\nGabriele Schweiger +43 680 33 33 625<\/p>\n","protected":false},"excerpt":{"rendered":"<p>EURATOM-Forschungsprogramm muss dem europaweiten Atomausstieg angepasst werden! &#8222;Wir freuen uns sehr, dass sich der ober\u00f6sterreichische Landtag in seiner j\u00fcngsten Antiatom-Resolution nicht nur ganz klar gegen den Ausbau des Atomkraftwerks Temelin ausspricht, sondern auch von der Bundesregierung verlangt, dass der EURATOM-Vertrag &hellip; <a href=\"https:\/\/www.muettergegenatomgefahr.at\/?p=565\">Weiterlesen <span class=\"meta-nav\">&rarr;<\/span><\/a><\/p>\n","protected":false},"author":2,"featured_media":0,"comment_status":"open","ping_status":"open","sticky":false,"template":"","format":"standard","meta":{"footnotes":""},"categories":[1],"tags":[],"class_list":["post-565","post","type-post","status-publish","format-standard","hentry","category-allgemein"],"_links":{"self":[{"href":"https:\/\/www.muettergegenatomgefahr.at\/index.php?rest_route=\/wp\/v2\/posts\/565","targetHints":{"allow":["GET"]}}],"collection":[{"href":"https:\/\/www.muettergegenatomgefahr.at\/index.php?rest_route=\/wp\/v2\/posts"}],"about":[{"href":"https:\/\/www.muettergegenatomgefahr.at\/index.php?rest_route=\/wp\/v2\/types\/post"}],"author":[{"embeddable":true,"href":"https:\/\/www.muettergegenatomgefahr.at\/index.php?rest_route=\/wp\/v2\/users\/2"}],"replies":[{"embeddable":true,"href":"https:\/\/www.muettergegenatomgefahr.at\/index.php?rest_route=%2Fwp%2Fv2%2Fcomments&post=565"}],"version-history":[{"count":1,"href":"https:\/\/www.muettergegenatomgefahr.at\/index.php?rest_route=\/wp\/v2\/posts\/565\/revisions"}],"predecessor-version":[{"id":566,"href":"https:\/\/www.muettergegenatomgefahr.at\/index.php?rest_route=\/wp\/v2\/posts\/565\/revisions\/566"}],"wp:attachment":[{"href":"https:\/\/www.muettergegenatomgefahr.at\/index.php?rest_route=%2Fwp%2Fv2%2Fmedia&parent=565"}],"wp:term":[{"taxonomy":"category","embeddable":true,"href":"https:\/\/www.muettergegenatomgefahr.at\/index.php?rest_route=%2Fwp%2Fv2%2Fcategories&post=565"},{"taxonomy":"post_tag","embeddable":true,"href":"https:\/\/www.muettergegenatomgefahr.at\/index.php?rest_route=%2Fwp%2Fv2%2Ftags&post=565"}],"curies":[{"name":"wp","href":"https:\/\/api.w.org\/{rel}","templated":true}]}}