{"id":575,"date":"2013-02-01T12:31:07","date_gmt":"2013-02-01T10:31:07","guid":{"rendered":"http:\/\/www.muettergegenatomgefahr.at\/?p=575"},"modified":"2013-02-01T12:32:19","modified_gmt":"2013-02-01T10:32:19","slug":"atomstopp-auch-der-einflussreiche-eu-ausschuss-fur-industrie-forschung-und-energie-begrust-rechtsvorschriften-fur-versicherung-und-haftung-im-nuklearbereich","status":"publish","type":"post","link":"https:\/\/www.muettergegenatomgefahr.at\/?p=575","title":{"rendered":"atomstopp: Auch der einflussreiche EU-Ausschuss f\u00fcr Industrie, Forschung und Energie begr\u00fc\u00dft Rechtsvorschriften f\u00fcr Versicherung und Haftung im Nuklearbereich"},"content":{"rendered":"<p><em>EU-Kommissar Oettinger ist mit Forderung nicht alleine!<\/em><\/p>\n<p>&#8222;Wir sehen es als absolute Best\u00e4rkung in unserem Bem\u00fchen um volle  Risiko\u00fcbernahme durch die Betreiber von Atomkraftwerken, dass der  einflussreiche EU-Ausschuss f\u00fcr Industrie, Forschung und Energie in  einem j\u00fcngst verabschiedeten Entschlie\u00dfungsantrag den Vorsto\u00df f\u00fcr eine  angemessene Haftpflicht bei Atomkraftwerken unterst\u00fctzt und &#8222;die Absicht  der Kommission begr\u00fc\u00dft, Rechtsvorschriften auf dem Gebiet der  Versicherung und Haftung im Nuklearbereich vorzuschlagen!&#8220; <a title=\"(1)\" href=\"http:\/\/www.europarl.europa.eu\/meetdocs\/2009_2014\/documents\/itre\/re\/915\/915586\/915586de.pdf \" target=\"_blank\">(1)<\/a>, freuen  sich Roland Egger und Gabriele Schweiger, Sprecher von  atomstopp_oberoesterreich.<\/p>\n<p>Als Konsequen  z der AKW-Stresstests hat EU-Energie-Kommissar G\u00fcnther Oettinger im  Oktober 2012 angek\u00fcndigt, dass Vorschl\u00e4ge \u00fcber Versicherung und Haftung  im Nuklearbereich folgen werden <a title=\"(2)\" href=\"http:\/\/europa.eu\/rapid\/press-release_IP-12-1051_de.htm?locale=en\" target=\"_blank\">(2)<\/a>.<\/p>\n<p>Zur Zeit bestehen f\u00fcr die  Atomstromkonzerne nur l\u00e4cherlich geringe Haftpflichtversicherungen. Der  tschechische Atomkonzern CEZ ist nur f\u00fcr 0,28% der potenziellen Sch\u00e4den  eines SuperGAUs in TEMELIN versichert. Die Einf\u00fchrung einer dem  Schadensausma\u00df angemessenen Haftpflichtversicherung wird  selbstverst\u00e4ndlich den Atomstrom verteuern. Darauf angesprochen meinte  EU-Energiekommissar Oettinger nur: &#8222;Mein Auftrag besteht nicht darin,  durch Sicherheitsdumping Kernkraftstrom billig zu machen. Die  Versicherungspflicht ist begr\u00fcndbar. Schlie\u00dflich muss jeder Autohalter  f\u00fcr sein Fahrzeug auch eine Haftpflicht abschlie\u00dfen, obwohl das die  Mobilit\u00e4t verteuert.&#8220; <a title=\"(3)\" href=\"http:\/\/www.badische-zeitung.de\/wirtschaft-3\/oettinger-will-haftpflicht-fuer-akw--64269976.html\" target=\"_blank\">(3)<\/a><\/p>\n<p>&#8222;EU-Energiekommissar Oettinger ist  jedenfalls nich  t alleine, wenn er von der m\u00e4chtigen Atomlobby mehr Kostenwahrheit und  Risiko\u00fcbernahme einfordert! FUKUSHIMA und TSCHERNOBYL mahnen und die  Betreiber von TEMELIN und MOCHOVCE  &amp; Co m\u00fcssen sich der vollen  Haftung f\u00fcr den SuperGAU stellen!&#8220;, so Roland Egger und Gabriele  Schweiger abschlie\u00dfend.<\/p>\n<p><a title=\" Fotos zur freien Verwendung - Aktion in Wien vor IAEA: Temelin - wer haftet? Mochovce - wer zahlt?\" href=\"http:\/\/www.atomkraftfrei-leben.at\/gallery.php?name=130128_IAEA_Haftung&amp;text=28.+J%E4nner+2013%3A+Temelin+-+Wer+haftet%3F+Mochovce+-+wer+zahlt%3F+&amp;i=0\" target=\"_blank\">Fotos zur freien Verwendung &#8211; Aktion in  Wien vor IAEA: Temelin &#8211; wer haftet? Mochovce &#8211; wer zahlt? <\/a><\/p>\n<p>Weitere Informationen:<br \/>\nRoland Egger +43 680 23 93 019<br \/>\nGabriele Schweiger +43 680 33 33 625<\/p>\n","protected":false},"excerpt":{"rendered":"<p>EU-Kommissar Oettinger ist mit Forderung nicht alleine! &#8222;Wir sehen es als absolute Best\u00e4rkung in unserem Bem\u00fchen um volle Risiko\u00fcbernahme durch die Betreiber von Atomkraftwerken, dass der einflussreiche EU-Ausschuss f\u00fcr Industrie, Forschung und Energie in einem j\u00fcngst verabschiedeten Entschlie\u00dfungsantrag den Vorsto\u00df &hellip; <a href=\"https:\/\/www.muettergegenatomgefahr.at\/?p=575\">Weiterlesen <span class=\"meta-nav\">&rarr;<\/span><\/a><\/p>\n","protected":false},"author":2,"featured_media":0,"comment_status":"open","ping_status":"open","sticky":false,"template":"","format":"standard","meta":{"footnotes":""},"categories":[1],"tags":[],"class_list":["post-575","post","type-post","status-publish","format-standard","hentry","category-allgemein"],"_links":{"self":[{"href":"https:\/\/www.muettergegenatomgefahr.at\/index.php?rest_route=\/wp\/v2\/posts\/575","targetHints":{"allow":["GET"]}}],"collection":[{"href":"https:\/\/www.muettergegenatomgefahr.at\/index.php?rest_route=\/wp\/v2\/posts"}],"about":[{"href":"https:\/\/www.muettergegenatomgefahr.at\/index.php?rest_route=\/wp\/v2\/types\/post"}],"author":[{"embeddable":true,"href":"https:\/\/www.muettergegenatomgefahr.at\/index.php?rest_route=\/wp\/v2\/users\/2"}],"replies":[{"embeddable":true,"href":"https:\/\/www.muettergegenatomgefahr.at\/index.php?rest_route=%2Fwp%2Fv2%2Fcomments&post=575"}],"version-history":[{"count":3,"href":"https:\/\/www.muettergegenatomgefahr.at\/index.php?rest_route=\/wp\/v2\/posts\/575\/revisions"}],"predecessor-version":[{"id":577,"href":"https:\/\/www.muettergegenatomgefahr.at\/index.php?rest_route=\/wp\/v2\/posts\/575\/revisions\/577"}],"wp:attachment":[{"href":"https:\/\/www.muettergegenatomgefahr.at\/index.php?rest_route=%2Fwp%2Fv2%2Fmedia&parent=575"}],"wp:term":[{"taxonomy":"category","embeddable":true,"href":"https:\/\/www.muettergegenatomgefahr.at\/index.php?rest_route=%2Fwp%2Fv2%2Fcategories&post=575"},{"taxonomy":"post_tag","embeddable":true,"href":"https:\/\/www.muettergegenatomgefahr.at\/index.php?rest_route=%2Fwp%2Fv2%2Ftags&post=575"}],"curies":[{"name":"wp","href":"https:\/\/api.w.org\/{rel}","templated":true}]}}