{"id":584,"date":"2013-02-26T11:38:59","date_gmt":"2013-02-26T09:38:59","guid":{"rendered":"http:\/\/www.muettergegenatomgefahr.at\/?p=584"},"modified":"2013-02-26T11:38:59","modified_gmt":"2013-02-26T09:38:59","slug":"atomstopp-landeshauptmann-puhringer-bei-morgiger-regierungskonferenz-in-budweis-temelin-ausbau-zum-zentralen-thema-machen","status":"publish","type":"post","link":"https:\/\/www.muettergegenatomgefahr.at\/?p=584","title":{"rendered":"atomstopp: Landeshauptmann P\u00fchringer bei morgiger Regierungskonferenz in Budweis &#8211; Temelin-Ausbau zum zentralen Thema machen!"},"content":{"rendered":"<p><em>Atomare Energiekonzepte unter demokratischen Verh\u00e4ltnissen zum Scheitern verurteilt<\/em><\/p>\n<p>Morgen Mittwoch, 27. Feber, geht die traditionelle Regierungskonferenz zwischen S\u00fcdb\u00f6hmen und Ober\u00f6sterreich \u00fcber die B\u00fchne. F\u00fcr die Atomgegner_innen ist klar: die offenen Sicherheitsfragen im AKW Temelin \u2013 insbesondere hinsichtlich der Erdbebengef\u00e4hrdung &#8211; und die gro\u00dfspurigen Ausbaupl\u00e4ne f\u00fcr weitere Atomreaktoren m\u00fcssen dabei zentrale Themen sein!<\/p>\n<p>\u201eWir gehen davon aus, dass Landeshauptmann Dr. Josef P\u00fchringer beim Zusammentreffen mit seinem Amtskollegen Kreishauptmann Jiri Zimola klar Antiatom-Position beziehen wird: Tschechien hat in Sachen AKW Temelin gerade in den letzten Monaten die gutnachbarschaftlichen Beziehungen auf eine harte Probe gestellt!\u201c, erinnern Gabriele Schweiger und Roland Egger, Sprecher von atomstopp_oberoesterreich.<\/p>\n<p>\u201eDass im grenz\u00fcberschreitenden UVP-Verfahren zum Ausbau des Atomkraftwerks Temelin kein verbindlicher Anh\u00f6rungstermin in \u00d6sterreich stattgefunden hat und beim einzig stattfindenden offiziellen Hearing in Ceske Budejovice Ober\u00f6sterreich quasi nur als Zaungast geduldet wurde, ist ein blamables Zeichen f\u00fcr gute Nachbarschaft! Weit mehr als 22.000 schriftliche Einwendungen gegen Temelin wurden ignoriert! Anfang des Jahres gab das tschechische Umweltministerium gr\u00fcnes Licht f\u00fcr den Bau zweier weiterer Atomreaktoren \u2013 und das, obwohl bis heute nicht feststeht, welche Reaktoren \u00fcberhaupt gebaut werden! Solche Vorgehensweisen sind denkbar schlechte Voraussetzungen f\u00fcr eine vertrauensvolle zwischenstaatliche Kooperationsbasis und das muss unmissverst\u00e4ndlich zum Ausdruck kommen!\u201c, so Schweiger und Egger weiter.<\/p>\n<p>Landeshauptmann P\u00fchringer sollte auch die Doppelb\u00f6digkeit zur Sprache bringen, mit der Kreishauptmann Zimola das geplante Endlager auf S\u00fcdb\u00f6hmischen Boden ablehnt! \u201eEs zeugt nicht gerade von Glaubw\u00fcrdigkeit und einem konsequenten Charakter, wenn Herr Zimola einerseits den Ausbau Temelins begr\u00fc\u00dft, aber andererseits mit dem produzierten Atomm\u00fcll nichts zu tun haben will! Das ist v\u00f6llig absurd und unseri\u00f6s! P\u00fchringer muss Zimola klar machen: unter demokratischen Verh\u00e4ltnissen ist jedes atomare Energiekonzept zum Scheitern verurteilt, denn die Politik &#8211; auch die tschechische! -wird letztendlich nicht um die Verantwortung f\u00fcr die Bev\u00f6lkerung und somit ihre W\u00e4hler_innen herum kommen!\u201c, so Schweiger und Egger abschlie\u00dfend.<\/p>\n<p>Weitere Informationen:<br \/>\nGabriele Schweiger + 43 680 33 33 625<br \/>\nRoland Egger + 43 680 23 93 019<\/p>\n","protected":false},"excerpt":{"rendered":"<p>Atomare Energiekonzepte unter demokratischen Verh\u00e4ltnissen zum Scheitern verurteilt Morgen Mittwoch, 27. Feber, geht die traditionelle Regierungskonferenz zwischen S\u00fcdb\u00f6hmen und Ober\u00f6sterreich \u00fcber die B\u00fchne. F\u00fcr die Atomgegner_innen ist klar: die offenen Sicherheitsfragen im AKW Temelin \u2013 insbesondere hinsichtlich der Erdbebengef\u00e4hrdung &#8211; &hellip; <a href=\"https:\/\/www.muettergegenatomgefahr.at\/?p=584\">Weiterlesen <span class=\"meta-nav\">&rarr;<\/span><\/a><\/p>\n","protected":false},"author":2,"featured_media":0,"comment_status":"open","ping_status":"open","sticky":false,"template":"","format":"standard","meta":{"footnotes":""},"categories":[1],"tags":[],"class_list":["post-584","post","type-post","status-publish","format-standard","hentry","category-allgemein"],"_links":{"self":[{"href":"https:\/\/www.muettergegenatomgefahr.at\/index.php?rest_route=\/wp\/v2\/posts\/584","targetHints":{"allow":["GET"]}}],"collection":[{"href":"https:\/\/www.muettergegenatomgefahr.at\/index.php?rest_route=\/wp\/v2\/posts"}],"about":[{"href":"https:\/\/www.muettergegenatomgefahr.at\/index.php?rest_route=\/wp\/v2\/types\/post"}],"author":[{"embeddable":true,"href":"https:\/\/www.muettergegenatomgefahr.at\/index.php?rest_route=\/wp\/v2\/users\/2"}],"replies":[{"embeddable":true,"href":"https:\/\/www.muettergegenatomgefahr.at\/index.php?rest_route=%2Fwp%2Fv2%2Fcomments&post=584"}],"version-history":[{"count":2,"href":"https:\/\/www.muettergegenatomgefahr.at\/index.php?rest_route=\/wp\/v2\/posts\/584\/revisions"}],"predecessor-version":[{"id":586,"href":"https:\/\/www.muettergegenatomgefahr.at\/index.php?rest_route=\/wp\/v2\/posts\/584\/revisions\/586"}],"wp:attachment":[{"href":"https:\/\/www.muettergegenatomgefahr.at\/index.php?rest_route=%2Fwp%2Fv2%2Fmedia&parent=584"}],"wp:term":[{"taxonomy":"category","embeddable":true,"href":"https:\/\/www.muettergegenatomgefahr.at\/index.php?rest_route=%2Fwp%2Fv2%2Fcategories&post=584"},{"taxonomy":"post_tag","embeddable":true,"href":"https:\/\/www.muettergegenatomgefahr.at\/index.php?rest_route=%2Fwp%2Fv2%2Ftags&post=584"}],"curies":[{"name":"wp","href":"https:\/\/api.w.org\/{rel}","templated":true}]}}