{"id":597,"date":"2013-03-13T20:02:44","date_gmt":"2013-03-13T18:02:44","guid":{"rendered":"http:\/\/www.muettergegenatomgefahr.at\/?p=597"},"modified":"2013-03-13T20:02:44","modified_gmt":"2013-03-13T18:02:44","slug":"atomstopp-euratom-wieder-einmal-in-sachen-atomforderung-unterwegs","status":"publish","type":"post","link":"https:\/\/www.muettergegenatomgefahr.at\/?p=597","title":{"rendered":"atomstopp: EURATOM wieder einmal in Sachen Atomf\u00f6rderung unterwegs!"},"content":{"rendered":"<p><em>Bedauerliche Entscheidung, Laufzeiten von ukrainischen Atomkraftwerken zu verl\u00e4ngern!<\/em> &#8220;<\/p>\n<p>Die Entscheidung, dass mit europ\u00e4ischem Steuergeld die ukrainischen Atomkraftwerke aufger\u00fcstet werden und mittels 300 Millionen Euro-Kredit von EURATOM an internationale Sicherheitsstandards herangef\u00fchrt werden, ist strikt abzulehnen! Wenn ein Betreiber nicht aus eigener finanzieller Kraft seine Atomkraftwerke auf h\u00f6chstem Sicherheitsniveau betreiben kann, ist die einzige Konsequenz: ABSCHALTEN, und zwar SOFORT!&#8220;, sind Roland Egger und Gabriele Schweiger, Sprecher von atomstopp_oberoesterreich emp\u00f6rt.<\/p>\n<p>Zus\u00e4tzlich zu den gestern bewilligten 300 Millionen Euro der EBRD wird sich n\u00e4mlich auch EURATOM mit 300 Millionen Euro an der Laufzeitverl\u00e4ngerung der ukrainischen Atomkraftwerke &#8222;beteiligen&#8220;.   &#8222;Der Atomf\u00f6rderverein EURATOM wird seinem eigentlichen Zweck mit der Kreditvergabe an die Ukraine wieder einmal mehr als gerecht: Atomkraft f\u00f6rdern um jeden Preis! Einerlei, welche Risiken im laufenden Betrieb herrschen, einerlei, dass es keine L\u00f6sung f\u00fcr die Lagerung des hochradioaktiven Abfalls gibt, einerlei, dass die \u00f6konomischen Folgen eines SuperGAUS nicht ann\u00e4hernd versichert sind!&#8220;, so Egger und Schweiger abschlie\u00dfend.<\/p>\n<p>Weitere Informationen:<br \/>\nRoland Egger + 43 680 23 93 019<br \/>\nGabriele Schweiger + 43 680 33 33 625<\/p>\n","protected":false},"excerpt":{"rendered":"<p>Bedauerliche Entscheidung, Laufzeiten von ukrainischen Atomkraftwerken zu verl\u00e4ngern! &#8220; Die Entscheidung, dass mit europ\u00e4ischem Steuergeld die ukrainischen Atomkraftwerke aufger\u00fcstet werden und mittels 300 Millionen Euro-Kredit von EURATOM an internationale Sicherheitsstandards herangef\u00fchrt werden, ist strikt abzulehnen! Wenn ein Betreiber nicht aus &hellip; <a href=\"https:\/\/www.muettergegenatomgefahr.at\/?p=597\">Weiterlesen <span class=\"meta-nav\">&rarr;<\/span><\/a><\/p>\n","protected":false},"author":2,"featured_media":0,"comment_status":"open","ping_status":"open","sticky":false,"template":"","format":"standard","meta":{"footnotes":""},"categories":[1],"tags":[],"class_list":["post-597","post","type-post","status-publish","format-standard","hentry","category-allgemein"],"_links":{"self":[{"href":"https:\/\/www.muettergegenatomgefahr.at\/index.php?rest_route=\/wp\/v2\/posts\/597","targetHints":{"allow":["GET"]}}],"collection":[{"href":"https:\/\/www.muettergegenatomgefahr.at\/index.php?rest_route=\/wp\/v2\/posts"}],"about":[{"href":"https:\/\/www.muettergegenatomgefahr.at\/index.php?rest_route=\/wp\/v2\/types\/post"}],"author":[{"embeddable":true,"href":"https:\/\/www.muettergegenatomgefahr.at\/index.php?rest_route=\/wp\/v2\/users\/2"}],"replies":[{"embeddable":true,"href":"https:\/\/www.muettergegenatomgefahr.at\/index.php?rest_route=%2Fwp%2Fv2%2Fcomments&post=597"}],"version-history":[{"count":1,"href":"https:\/\/www.muettergegenatomgefahr.at\/index.php?rest_route=\/wp\/v2\/posts\/597\/revisions"}],"predecessor-version":[{"id":598,"href":"https:\/\/www.muettergegenatomgefahr.at\/index.php?rest_route=\/wp\/v2\/posts\/597\/revisions\/598"}],"wp:attachment":[{"href":"https:\/\/www.muettergegenatomgefahr.at\/index.php?rest_route=%2Fwp%2Fv2%2Fmedia&parent=597"}],"wp:term":[{"taxonomy":"category","embeddable":true,"href":"https:\/\/www.muettergegenatomgefahr.at\/index.php?rest_route=%2Fwp%2Fv2%2Fcategories&post=597"},{"taxonomy":"post_tag","embeddable":true,"href":"https:\/\/www.muettergegenatomgefahr.at\/index.php?rest_route=%2Fwp%2Fv2%2Ftags&post=597"}],"curies":[{"name":"wp","href":"https:\/\/api.w.org\/{rel}","templated":true}]}}