{"id":599,"date":"2013-03-21T15:45:04","date_gmt":"2013-03-21T13:45:04","guid":{"rendered":"http:\/\/www.muettergegenatomgefahr.at\/?p=599"},"modified":"2013-03-21T15:46:05","modified_gmt":"2013-03-21T13:46:05","slug":"atomstopp-1-200-unterschriften-fur-akw-haftpflicht-petition-bereits-gesammelt","status":"publish","type":"post","link":"https:\/\/www.muettergegenatomgefahr.at\/?p=599","title":{"rendered":"atomstopp: 1.200 Unterschriften f\u00fcr AKW-Haftpflicht-Petition bereits gesammelt!"},"content":{"rendered":"<p><em>Europ\u00e4isches Parlament sprach sich f\u00fcr angemessene Atomhaftung aus!<\/em><\/p>\n<p>&#8222;Die zum FUKUSHIMA-Gedenktag gestartete AKW-Haftpflicht-Petition an das Europ\u00e4ische Parlament findet sehr regen Zuspruch! Innerhalb von wenigen Tagen sind bereits mehr als 1.200 Unterschriften gesammelt worden!&#8220;, freuen sich die Initiatoren der Petition, Roland Egger und Gabriele Schweiger, Sprecher von atomstopp_oberoesterreich.<\/p>\n<p>Mit der Petition an das Europ\u00e4ische Parlament fordern die unterzeichnenden B\u00fcrger_innen, von der Europ\u00e4ischen Kommission die Schaffung einer europaweit einheitlichen Haftpflichtversicherung und zwar in H\u00f6he von mindestens 400 Milliarden Euro pro Atomreaktor!<\/p>\n<p>&#8222;Wir sind sehr zuversichtlich, dass uns  ere Petition den Druck f\u00fcr die \u00fcberf\u00e4llige AKW-Haftpflicht erh\u00f6hen wird: Denn bereits heute wurde im Plenum des Europ\u00e4ischen Parlaments in Stra\u00dfburg eine Entschlie\u00dfung des Europ\u00e4ischen Parlaments zu Risiko- und Sicherheitsbewertungen von Kernkraftwerken in der Europ\u00e4ischen Union (&#8222;Stresstests&#8220;) und damit verbundenen T\u00e4tigkeiten angenommen, in der die Atomhaftung thematisiert wurde!&#8220;, freuen sich Egger und Schweiger und verweisen auf den entsprechenden Passus im Entschlie\u00dfungsantrag.<\/p>\n<p>Unter Punkt 28 des Entschlie\u00dfungsantrags (2012\/2830(RSP)) hei\u00dft es:<\/p>\n<p>(Das Europ\u00e4ische Parlament) \u2026<br \/>\n28. begr\u00fc\u00dft in diesem Zusammenhang die Absicht der Kommission, Ma\u00dfnahmen legislativer und nicht-legislativer Art auf dem Gebiet der Versicherung und Haftung im Nuklearbereich vorzuschlagen; erinnert daran, dass die zivile Haftung f\u00fcr Nuklearsch\u00e4den bereits Gegens  tand verschiedener internationaler \u00dcbereinkommen (Paris und Wien) ist; vertritt jedoch die Auffassung, dass Betreiber von Kernkraftwerken und Lizenznehmer f\u00fcr Nuklearabf\u00e4lle umfassende finanzielle Sicherheitsvorkehrungen treffen sollten, damit sie alle Kosten vollst\u00e4ndig tragen k\u00f6nnen, f\u00fcr die sie im Fall von Menschen und der Umwelt durch einen Unfall zugef\u00fcgten Sch\u00e4den haftbar sind; fordert die Kommission in diesem Zusammenhang auf, bis Ende 2013 einen Vorschlag zu dieser Frage vorzulegen;<\/p>\n<p>Die Petition an das Europ\u00e4ische Parlament kann noch weiterhin unterst\u00fctzt werden. Unterschriftenlisten zum Download gibt es unter: <a href=\"http:\/\/http:\/\/www.atomstopp.at\/\" target=\"_blank\">www.atomstopp.at<\/a><\/p>\n<p>Weitere Informationen:<br \/>\nRoland Egger + 43 680 23 93 019<br \/>\nGabriele Schweiger + 43 680 33 33 625<\/p>\n","protected":false},"excerpt":{"rendered":"<p>Europ\u00e4isches Parlament sprach sich f\u00fcr angemessene Atomhaftung aus! &#8222;Die zum FUKUSHIMA-Gedenktag gestartete AKW-Haftpflicht-Petition an das Europ\u00e4ische Parlament findet sehr regen Zuspruch! Innerhalb von wenigen Tagen sind bereits mehr als 1.200 Unterschriften gesammelt worden!&#8220;, freuen sich die Initiatoren der Petition, Roland &hellip; <a href=\"https:\/\/www.muettergegenatomgefahr.at\/?p=599\">Weiterlesen <span class=\"meta-nav\">&rarr;<\/span><\/a><\/p>\n","protected":false},"author":2,"featured_media":0,"comment_status":"open","ping_status":"open","sticky":false,"template":"","format":"standard","meta":{"footnotes":""},"categories":[1],"tags":[],"class_list":["post-599","post","type-post","status-publish","format-standard","hentry","category-allgemein"],"_links":{"self":[{"href":"https:\/\/www.muettergegenatomgefahr.at\/index.php?rest_route=\/wp\/v2\/posts\/599","targetHints":{"allow":["GET"]}}],"collection":[{"href":"https:\/\/www.muettergegenatomgefahr.at\/index.php?rest_route=\/wp\/v2\/posts"}],"about":[{"href":"https:\/\/www.muettergegenatomgefahr.at\/index.php?rest_route=\/wp\/v2\/types\/post"}],"author":[{"embeddable":true,"href":"https:\/\/www.muettergegenatomgefahr.at\/index.php?rest_route=\/wp\/v2\/users\/2"}],"replies":[{"embeddable":true,"href":"https:\/\/www.muettergegenatomgefahr.at\/index.php?rest_route=%2Fwp%2Fv2%2Fcomments&post=599"}],"version-history":[{"count":3,"href":"https:\/\/www.muettergegenatomgefahr.at\/index.php?rest_route=\/wp\/v2\/posts\/599\/revisions"}],"predecessor-version":[{"id":602,"href":"https:\/\/www.muettergegenatomgefahr.at\/index.php?rest_route=\/wp\/v2\/posts\/599\/revisions\/602"}],"wp:attachment":[{"href":"https:\/\/www.muettergegenatomgefahr.at\/index.php?rest_route=%2Fwp%2Fv2%2Fmedia&parent=599"}],"wp:term":[{"taxonomy":"category","embeddable":true,"href":"https:\/\/www.muettergegenatomgefahr.at\/index.php?rest_route=%2Fwp%2Fv2%2Fcategories&post=599"},{"taxonomy":"post_tag","embeddable":true,"href":"https:\/\/www.muettergegenatomgefahr.at\/index.php?rest_route=%2Fwp%2Fv2%2Ftags&post=599"}],"curies":[{"name":"wp","href":"https:\/\/api.w.org\/{rel}","templated":true}]}}