{"id":647,"date":"2013-04-03T11:08:37","date_gmt":"2013-04-03T09:08:37","guid":{"rendered":"http:\/\/www.muettergegenatomgefahr.at\/?p=647"},"modified":"2013-04-03T11:08:37","modified_gmt":"2013-04-03T09:08:37","slug":"atomstopp-bundesregierung-segnet-ab-dass-atomstrom-uber-pumpspeicherkraftwerke-nach-osterreich-kommt","status":"publish","type":"post","link":"https:\/\/www.muettergegenatomgefahr.at\/?p=647","title":{"rendered":"atomstopp: Bundesregierung segnet ab, dass Atomstrom \u00fcber Pumpspeicherkraftwerke nach \u00d6sterreich kommt!"},"content":{"rendered":"<p><em>Herr Minister Mitterlehner: Pumpverluste sind Atomstromimporte!<\/em><\/p>\n<p>&#8222;Es ist bezeichnend, dass die Bundesregierung mit der heutigen Regierungsvorlage Atomstromimporte nach \u00d6sterreich nicht ausschlie\u00dfen will oder ausschlie\u00dfen darf! Zu gro\u00df ist offensichtlich der Druck der heimischen Energieversorger auf den Wirtschaftsminister! V\u00f6llig inakzeptabel ist aber, wenn Herr Minister Mitterlehner sch\u00f6nschreiberisch von Pumpverlusten redet, die von der Stromkennzeichnung ausgenommen sind! Gerade diese Pumpverluste, rund 25% des Strombedarfs von Pumpspeicherkraftwerken, sind n\u00e4mlich jene Atomstromimporte, die die \u00d6sterreicher_innen endlich verbannt wissen wollen!&#8220;, so Roland Egger und Gabriele Schweiger, Sprecher von atomstopp_oberoesterreich.<\/p>\n<p>&#8222;Wir rechnen damit, dass sich die Bundesregierung f\u00fcr diese Regierungsvorlage ein klares NEIN der Opposition einhandelt: Atomstromimporte m\u00fcssen rigoros ausgeschlossen werden! Und die &#8222;Hintert\u00fcrchen&#8220;, die sich die Energiewirtschaft offen halten will, m\u00fcssen endlich geschlossen werden!&#8220;, so Egger und Schweiger abschlie\u00dfend.<\/p>\n<p>Weitere Informationen:<br \/>\nRoland Egger + 43 680 23 93 019<br \/>\nGabriele Schweiger + 43 680 33 33 625<\/p>\n","protected":false},"excerpt":{"rendered":"<p>Herr Minister Mitterlehner: Pumpverluste sind Atomstromimporte! &#8222;Es ist bezeichnend, dass die Bundesregierung mit der heutigen Regierungsvorlage Atomstromimporte nach \u00d6sterreich nicht ausschlie\u00dfen will oder ausschlie\u00dfen darf! Zu gro\u00df ist offensichtlich der Druck der heimischen Energieversorger auf den Wirtschaftsminister! V\u00f6llig inakzeptabel ist &hellip; <a href=\"https:\/\/www.muettergegenatomgefahr.at\/?p=647\">Weiterlesen <span class=\"meta-nav\">&rarr;<\/span><\/a><\/p>\n","protected":false},"author":2,"featured_media":0,"comment_status":"open","ping_status":"open","sticky":false,"template":"","format":"standard","meta":{"footnotes":""},"categories":[1],"tags":[],"class_list":["post-647","post","type-post","status-publish","format-standard","hentry","category-allgemein"],"_links":{"self":[{"href":"https:\/\/www.muettergegenatomgefahr.at\/index.php?rest_route=\/wp\/v2\/posts\/647","targetHints":{"allow":["GET"]}}],"collection":[{"href":"https:\/\/www.muettergegenatomgefahr.at\/index.php?rest_route=\/wp\/v2\/posts"}],"about":[{"href":"https:\/\/www.muettergegenatomgefahr.at\/index.php?rest_route=\/wp\/v2\/types\/post"}],"author":[{"embeddable":true,"href":"https:\/\/www.muettergegenatomgefahr.at\/index.php?rest_route=\/wp\/v2\/users\/2"}],"replies":[{"embeddable":true,"href":"https:\/\/www.muettergegenatomgefahr.at\/index.php?rest_route=%2Fwp%2Fv2%2Fcomments&post=647"}],"version-history":[{"count":2,"href":"https:\/\/www.muettergegenatomgefahr.at\/index.php?rest_route=\/wp\/v2\/posts\/647\/revisions"}],"predecessor-version":[{"id":649,"href":"https:\/\/www.muettergegenatomgefahr.at\/index.php?rest_route=\/wp\/v2\/posts\/647\/revisions\/649"}],"wp:attachment":[{"href":"https:\/\/www.muettergegenatomgefahr.at\/index.php?rest_route=%2Fwp%2Fv2%2Fmedia&parent=647"}],"wp:term":[{"taxonomy":"category","embeddable":true,"href":"https:\/\/www.muettergegenatomgefahr.at\/index.php?rest_route=%2Fwp%2Fv2%2Fcategories&post=647"},{"taxonomy":"post_tag","embeddable":true,"href":"https:\/\/www.muettergegenatomgefahr.at\/index.php?rest_route=%2Fwp%2Fv2%2Ftags&post=647"}],"curies":[{"name":"wp","href":"https:\/\/api.w.org\/{rel}","templated":true}]}}