{"id":650,"date":"2013-04-10T13:46:02","date_gmt":"2013-04-10T11:46:02","guid":{"rendered":"http:\/\/www.muettergegenatomgefahr.at\/?p=650"},"modified":"2013-04-10T13:55:47","modified_gmt":"2013-04-10T11:55:47","slug":"offener-brief-von-osterreichischen-und-tschechischen-antiatom-organisationen-an-den-tschechischen-premierminister-necas","status":"publish","type":"post","link":"https:\/\/www.muettergegenatomgefahr.at\/?p=650","title":{"rendered":"Offener Brief von \u00f6sterreichischen und tschechischen Antiatom-Organisationen an den tschechischen Premierminister Ne\u010das"},"content":{"rendered":"<p><em>Bedenken zum Temelin-Ausbau in tschechischer Regierung angekommen.<\/em><\/p>\n<p>Lieber Herr Premierminister Ne\u010das!<\/p>\n<p>Seit geraumer Zeit schreiben Ihnen die tschechischen und \u00f6sterreichischen Anti-Atom-Organisationen (atomstopp_atomkraftfrei leben! (Linz), Anti Atom Komitee (Freistadt), B\u00fcrgerinitiative Umweltschutz &#8211; Ob\u010danska initiativa pro ochranu \u017eivotn\u00edho prost\u0159edi (BIU\/OIZP) (Budweis), Freist\u00e4dter M\u00fctter gegen Atomgefahr (Freistadt) und die S\u00fcdb\u00f6hmischen M\u00fctter gegen Atomgefahr &#8211; Jiho\u010desk\u00e9 matky (Budweis) regelm\u00e4\u00dfig, um Sie auf Aspekte des geplanten Temelin-Ausbaus aufmerksam zu machen.<\/p>\n<p><a href=\"http:\/\/dopisypremierovi.cz\/\" target=\"_blank\">S\u00e4mtliche Briefe sind auch ONLINE auf der Internet-Seite: http:\/\/www.dopisypremierovi.cz\/<br \/>\nauf tschechisch u deutsch nachzulesen.<\/a><\/p>\n<p>Neben den aus unserer Sicht negativen \u00f6kologischen Folgen (Uranabbau, Kinderkrebs in der r\u00e4umlichen N\u00e4he zu Atomkraftwerken, dem unl\u00f6sbaren Problem der sicheren Endlager des hochradioaktiven Abfalls auf 1.000.000 Jahre, der eklatanten Unterversicherung der Atomreaktoren) haben wir Ihnen auch die wirtschaftlichen Aspekte des Temelin-Ausbaus n\u00e4hergebracht und etwa darauf verwiesen, dass eine weitere Investition in die Atomkraft in Tschechien (aber auch in anderen Staaten der Europ\u00e4ischen Union) unter den derzeitigen Marktbedingungen (u.a. sinkende Gro\u00dfhandelspreise, steigendes Angebot an erneuerbarer Energie) wirtschaftlich nicht darstellbar ist.<\/p>\n<p>Das renommierte tschechische Beratungsunternehmen Candole &amp; Partners hat bereits vor mehr als einem Jahr im Zusammenhang mit dem Temelin-Ausbau von einer Casino-Zockerei gesprochen.<\/p>\n<p>Nach den j\u00fcngsten \u00c4u\u00dferungen von Au\u00dfenminister Sch  warzenberg sehen wir, dass die Bedenken zum Temelin-Ausbau offenbar bei manchen Vertretern in der tschechischen Regierung angekommen sind.<\/p>\n<p>Wir f\u00fchlen uns in unserer Kritik am Temelin-Ausbau dadurch nat\u00fcrlich best\u00e4rkt und wollen heute neuerlich an Sie appellieren, die Vernunft im Zusammenhang mit dem Temelin-Ausbau walten lassen zu wollen.<\/p>\n<p>Mit besten Gr\u00fc\u00dfen<\/p>\n<p>Roland Egger &#8211; Obmann \/ atomstopp_atomkraftfrei leben!<br \/>\nManfred Doppler &#8211; Sprecher \/ Anti Atom Komitee<br \/>\nPavel Vlcek &#8211; Obmann \/ B\u00fcrgerinitiative Umweltschutz (Budweis)<br \/>\nGabriele Schweiger \/ Obfrau Freist\u00e4dter M\u00fctter gegen Atomgefahr<br \/>\nMonika Wittingerova-Machova \/ Obfrau S\u00fcdb\u00f6hmische M\u00fctter gegen Atomgefahr (Budweis)<\/p>\n<p>Weitere Informationen:<br \/>\nRoland Egger, atomstopp_atomkraftfrei leben! + 43 680 23 93 019<br \/>\nManfred Doppler, Anti Atom Komitee +43 664 450 50 15<br \/>\nPavel Vl\u010dek, Ob\u010dansk\u00e1 iniciativa pro ochranu \u017eivotn\u00edho prost\u0159ed\u00ed, +42 0777 006 241<br \/>\nMonika Machov\u00e1 Wittingerov\u00e1, Jiho\u010desk\u00e9 matky, +42 0603 516 603<br \/>\nGabriele Schweiger, Freist\u00e4dter M\u00fctter gegen Atomgefahr +43 680 33 33 625<\/p>\n","protected":false},"excerpt":{"rendered":"<p>Bedenken zum Temelin-Ausbau in tschechischer Regierung angekommen. Lieber Herr Premierminister Ne\u010das! Seit geraumer Zeit schreiben Ihnen die tschechischen und \u00f6sterreichischen Anti-Atom-Organisationen (atomstopp_atomkraftfrei leben! (Linz), Anti Atom Komitee (Freistadt), B\u00fcrgerinitiative Umweltschutz &#8211; Ob\u010danska initiativa pro ochranu \u017eivotn\u00edho prost\u0159edi (BIU\/OIZP) (Budweis), Freist\u00e4dter &hellip; <a href=\"https:\/\/www.muettergegenatomgefahr.at\/?p=650\">Weiterlesen <span class=\"meta-nav\">&rarr;<\/span><\/a><\/p>\n","protected":false},"author":2,"featured_media":0,"comment_status":"open","ping_status":"open","sticky":false,"template":"","format":"standard","meta":{"footnotes":""},"categories":[1],"tags":[],"class_list":["post-650","post","type-post","status-publish","format-standard","hentry","category-allgemein"],"_links":{"self":[{"href":"https:\/\/www.muettergegenatomgefahr.at\/index.php?rest_route=\/wp\/v2\/posts\/650","targetHints":{"allow":["GET"]}}],"collection":[{"href":"https:\/\/www.muettergegenatomgefahr.at\/index.php?rest_route=\/wp\/v2\/posts"}],"about":[{"href":"https:\/\/www.muettergegenatomgefahr.at\/index.php?rest_route=\/wp\/v2\/types\/post"}],"author":[{"embeddable":true,"href":"https:\/\/www.muettergegenatomgefahr.at\/index.php?rest_route=\/wp\/v2\/users\/2"}],"replies":[{"embeddable":true,"href":"https:\/\/www.muettergegenatomgefahr.at\/index.php?rest_route=%2Fwp%2Fv2%2Fcomments&post=650"}],"version-history":[{"count":6,"href":"https:\/\/www.muettergegenatomgefahr.at\/index.php?rest_route=\/wp\/v2\/posts\/650\/revisions"}],"predecessor-version":[{"id":655,"href":"https:\/\/www.muettergegenatomgefahr.at\/index.php?rest_route=\/wp\/v2\/posts\/650\/revisions\/655"}],"wp:attachment":[{"href":"https:\/\/www.muettergegenatomgefahr.at\/index.php?rest_route=%2Fwp%2Fv2%2Fmedia&parent=650"}],"wp:term":[{"taxonomy":"category","embeddable":true,"href":"https:\/\/www.muettergegenatomgefahr.at\/index.php?rest_route=%2Fwp%2Fv2%2Fcategories&post=650"},{"taxonomy":"post_tag","embeddable":true,"href":"https:\/\/www.muettergegenatomgefahr.at\/index.php?rest_route=%2Fwp%2Fv2%2Ftags&post=650"}],"curies":[{"name":"wp","href":"https:\/\/api.w.org\/{rel}","templated":true}]}}