{"id":659,"date":"2013-04-23T10:05:37","date_gmt":"2013-04-23T08:05:37","guid":{"rendered":"http:\/\/www.muettergegenatomgefahr.at\/?p=659"},"modified":"2013-04-23T11:57:49","modified_gmt":"2013-04-23T09:57:49","slug":"atomstopp-parlamentsklubs-von-spo-fpo-grune-und-bzo-unterstutzen-die-petition-an-das-europaische-parlament-fur-eine-einheitliche-haftpflicht-fur-atomreaktoren","status":"publish","type":"post","link":"https:\/\/www.muettergegenatomgefahr.at\/?p=659","title":{"rendered":"atomstopp: Parlamentsklubs von SP\u00d6, FP\u00d6, GR\u00dcNE und BZ\u00d6 unterst\u00fctzen die Petition an das Europ\u00e4ische Parlament f\u00fcr eine einheitliche Haftpflicht f\u00fcr Atomreaktoren"},"content":{"rendered":"<p><em>AVISO und Einladung zur Fotoaktion mit Nationalr\u00e4t_innen am 25. April &#8211; 13:45 Uhr, Wien, Volksgarten gegen\u00fcber Parlament<\/em><\/p>\n<p>&#8222;Als Initiatoren freuen wir uns sehr, dass sich eine breite bundespolitische Allianz gefunden hat, die die Petition an das Europ\u00e4ische Parlament f\u00fcr eine einheitliche Haftpflicht f\u00fcr Atomreaktoren unterst\u00fctzt!&#8220;, so Roland Egger und Gabriele Schweiger, Sprecher von atomstopp_oberoesterreich.<\/p>\n<p><a href=\"http:\/\/www.muettergegenatomgefahr.at\/wp-content\/uploads\/fraktionen_petition.jpg\"><img loading=\"lazy\" decoding=\"async\" class=\"alignnone size-full wp-image-666\" title=\"fraktionen_petition\" src=\"http:\/\/www.muettergegenatomgefahr.at\/wp-content\/uploads\/fraktionen_petition.jpg\" alt=\"\" width=\"477\" height=\"377\" \/><\/a><\/p>\n<p><em>Die Parlamentsklubs von SP\u00d6, FP\u00d6, GR\u00dcNE und BZ\u00d6 werden f\u00fcr die Petition auf ihren Internet-Seiten werben. <\/em><\/p>\n<p>Zum Auftakt dazu wird es mit den Nationalr\u00e4ten Hannes Weniger (SP\u00d6), Walte\u00a0 r Schopf (SP\u00d6), Werner Neubauer (FP\u00d6), Eva Glawischnig (GR\u00dcNE), Christiane Brunner (GR\u00dcNE), Wolfgang Pirklhuber (GR\u00dcNE), Ursula Haubner (BZ\u00d6) und Vertreter_innen von atomstopp_oberoesterreich einen <em><strong>Fototermin<\/strong><\/em> geben:<br \/>\n<em><strong>Donnerstag, 25. April &#8211; 13:45 Uhr, Volksgarten gegen\u00fcber Parlament <\/strong><\/em><\/p>\n<p><em>Die Vertreter_innen der Medien werden dazu herzlich eingeladen.<\/em><\/p>\n<p>&#8222;Gemeinsam mit anderen Antiatom-Organisationen sammeln wir seit Mitte M\u00e4rz Unterschriften f\u00fcr die Petition an das Europ\u00e4ische Parlament. Rund 5.000 Unterschriften liegen mittlerweile auf Papier vor. Die ONLINE-Sammlung von Unterschriften wird zum Tschernobyl-Gedenktag auf www.atomstopp.at gestartet. Bis Ende Juli wird es m\u00f6glich sein, die Petition ONLINE zu unterst\u00fctzen und auch auf Papier Unterschriften weiterzusammeln!&#8220;, so Egger und Schweiger abschlie\u00dfend.<\/p>\n<p>Weitere Informationen:<br \/>\nRoland Egger + 43 680 23 93 019<br \/>\nGabriele Schweiger + 43 680 33 33 625<\/p>\n<p><em>Petitionstext finden Sie<\/em> <a href=\"http:\/\/www.muettergegenatomgefahr.at\/?page_id=633\" target=\"_blank\">hier unter petitionstext\/erl\u00e4uterung<\/a><\/p>\n","protected":false},"excerpt":{"rendered":"<p>AVISO und Einladung zur Fotoaktion mit Nationalr\u00e4t_innen am 25. April &#8211; 13:45 Uhr, Wien, Volksgarten gegen\u00fcber Parlament &#8222;Als Initiatoren freuen wir uns sehr, dass sich eine breite bundespolitische Allianz gefunden hat, die die Petition an das Europ\u00e4ische Parlament f\u00fcr eine &hellip; <a href=\"https:\/\/www.muettergegenatomgefahr.at\/?p=659\">Weiterlesen <span class=\"meta-nav\">&rarr;<\/span><\/a><\/p>\n","protected":false},"author":2,"featured_media":0,"comment_status":"open","ping_status":"open","sticky":false,"template":"","format":"standard","meta":{"footnotes":""},"categories":[1],"tags":[],"class_list":["post-659","post","type-post","status-publish","format-standard","hentry","category-allgemein"],"_links":{"self":[{"href":"https:\/\/www.muettergegenatomgefahr.at\/index.php?rest_route=\/wp\/v2\/posts\/659","targetHints":{"allow":["GET"]}}],"collection":[{"href":"https:\/\/www.muettergegenatomgefahr.at\/index.php?rest_route=\/wp\/v2\/posts"}],"about":[{"href":"https:\/\/www.muettergegenatomgefahr.at\/index.php?rest_route=\/wp\/v2\/types\/post"}],"author":[{"embeddable":true,"href":"https:\/\/www.muettergegenatomgefahr.at\/index.php?rest_route=\/wp\/v2\/users\/2"}],"replies":[{"embeddable":true,"href":"https:\/\/www.muettergegenatomgefahr.at\/index.php?rest_route=%2Fwp%2Fv2%2Fcomments&post=659"}],"version-history":[{"count":5,"href":"https:\/\/www.muettergegenatomgefahr.at\/index.php?rest_route=\/wp\/v2\/posts\/659\/revisions"}],"predecessor-version":[{"id":661,"href":"https:\/\/www.muettergegenatomgefahr.at\/index.php?rest_route=\/wp\/v2\/posts\/659\/revisions\/661"}],"wp:attachment":[{"href":"https:\/\/www.muettergegenatomgefahr.at\/index.php?rest_route=%2Fwp%2Fv2%2Fmedia&parent=659"}],"wp:term":[{"taxonomy":"category","embeddable":true,"href":"https:\/\/www.muettergegenatomgefahr.at\/index.php?rest_route=%2Fwp%2Fv2%2Fcategories&post=659"},{"taxonomy":"post_tag","embeddable":true,"href":"https:\/\/www.muettergegenatomgefahr.at\/index.php?rest_route=%2Fwp%2Fv2%2Ftags&post=659"}],"curies":[{"name":"wp","href":"https:\/\/api.w.org\/{rel}","templated":true}]}}