{"id":679,"date":"2013-05-24T10:07:25","date_gmt":"2013-05-24T08:07:25","guid":{"rendered":"http:\/\/www.muettergegenatomgefahr.at\/?p=679"},"modified":"2013-05-24T10:07:25","modified_gmt":"2013-05-24T08:07:25","slug":"atomstopp-auch-fur-den-tschechischen-finanzminister-ist-temelin-ausbau-unsicher","status":"publish","type":"post","link":"https:\/\/www.muettergegenatomgefahr.at\/?p=679","title":{"rendered":"atomstopp: Auch f\u00fcr den tschechischen Finanzminister ist Temelin-Ausbau unsicher!"},"content":{"rendered":"<p><em>Au\u00dfenminister Schwarzenberg hat bereits seine Bedenken angemeldet.<\/em><\/p>\n<p>Tschechische Medien berichten heute \u00fcber ein Interview des  tschechischen Finanzministers Miroslav Kalousek mit der angesehenen  Wirtschaftszeitung Hospodarske Noviny (HN) in der er sich unsicher  zeigt, was den Ausbau des Atomkraftwerks Temelin betrifft.<\/p>\n<p>Grund f\u00fcr die Verunsicherung beim Finanzminister sind einerseits die  Kosten f\u00fcr den Ausbau von Temelin, die h\u00f6her ausfallen d\u00fcrften, als  angenommen und die niedrigen Strompreise andererseits, womit die  Investition in den Ausbau von Temelin schlichtweg unwirtschaftlich ist.<\/p>\n<p>&#8222;Mit dem tschechischen Finanzminister Kalousek und dem tschechischen  Au\u00dfenminister Schwarzenberg sind es nun bereits zwei  Regierungsmitglieder die   sich zur\u00fcckhaltend zum Ausbau Temelins \u00e4u\u00dfern und den Ausbau der  Atomkraft in Tschechien nicht mehr um jeden Preis vorantreiben wollen!&#8220;,  so Roland Egger und Gabriele Schweiger, Sprecher von  atomstopp_oberoesterreich in einer ersten Reaktion.<\/p>\n<p>&#8222;Atomkraft  ist ein Auslaufmodell &#8211; und auch wirtschaftlich nicht mehr vertretbar.  Der Atomstrom ist unn\u00f6tig, auch in Tschechien: Die Tschechische Republik  exportierte im Jahr 2012 17 TWh, somit wird mehr als die gesamte  Stromproduktion von derzeit 13 TWh aus Temelin exportiert! Wie  angesichts dieser Zahlen der tschechische Premierminister Necas den  Ausbau Temelins weiter rechtfertigen will, ist r\u00e4tselhaft!  Energiepolitisch und wirtschaftlich ist der Ausbau jedenfalls Unsinn!&#8220;,  so Egger und Schweiger abschlie\u00dfend.<\/p>\n<p>Weitere Informationen:<br \/>\nGabriele Schweiger +43 680 33 33 625<br \/>\nRoland Egger +43 680 23 93 019<\/p>\n","protected":false},"excerpt":{"rendered":"<p>Au\u00dfenminister Schwarzenberg hat bereits seine Bedenken angemeldet. Tschechische Medien berichten heute \u00fcber ein Interview des tschechischen Finanzministers Miroslav Kalousek mit der angesehenen Wirtschaftszeitung Hospodarske Noviny (HN) in der er sich unsicher zeigt, was den Ausbau des Atomkraftwerks Temelin betrifft. Grund &hellip; <a href=\"https:\/\/www.muettergegenatomgefahr.at\/?p=679\">Weiterlesen <span class=\"meta-nav\">&rarr;<\/span><\/a><\/p>\n","protected":false},"author":2,"featured_media":0,"comment_status":"open","ping_status":"open","sticky":false,"template":"","format":"standard","meta":{"footnotes":""},"categories":[1],"tags":[],"class_list":["post-679","post","type-post","status-publish","format-standard","hentry","category-allgemein"],"_links":{"self":[{"href":"https:\/\/www.muettergegenatomgefahr.at\/index.php?rest_route=\/wp\/v2\/posts\/679","targetHints":{"allow":["GET"]}}],"collection":[{"href":"https:\/\/www.muettergegenatomgefahr.at\/index.php?rest_route=\/wp\/v2\/posts"}],"about":[{"href":"https:\/\/www.muettergegenatomgefahr.at\/index.php?rest_route=\/wp\/v2\/types\/post"}],"author":[{"embeddable":true,"href":"https:\/\/www.muettergegenatomgefahr.at\/index.php?rest_route=\/wp\/v2\/users\/2"}],"replies":[{"embeddable":true,"href":"https:\/\/www.muettergegenatomgefahr.at\/index.php?rest_route=%2Fwp%2Fv2%2Fcomments&post=679"}],"version-history":[{"count":1,"href":"https:\/\/www.muettergegenatomgefahr.at\/index.php?rest_route=\/wp\/v2\/posts\/679\/revisions"}],"predecessor-version":[{"id":680,"href":"https:\/\/www.muettergegenatomgefahr.at\/index.php?rest_route=\/wp\/v2\/posts\/679\/revisions\/680"}],"wp:attachment":[{"href":"https:\/\/www.muettergegenatomgefahr.at\/index.php?rest_route=%2Fwp%2Fv2%2Fmedia&parent=679"}],"wp:term":[{"taxonomy":"category","embeddable":true,"href":"https:\/\/www.muettergegenatomgefahr.at\/index.php?rest_route=%2Fwp%2Fv2%2Fcategories&post=679"},{"taxonomy":"post_tag","embeddable":true,"href":"https:\/\/www.muettergegenatomgefahr.at\/index.php?rest_route=%2Fwp%2Fv2%2Ftags&post=679"}],"curies":[{"name":"wp","href":"https:\/\/api.w.org\/{rel}","templated":true}]}}