{"id":688,"date":"2013-06-20T00:23:13","date_gmt":"2013-06-19T22:23:13","guid":{"rendered":"http:\/\/www.muettergegenatomgefahr.at\/?p=688"},"modified":"2013-06-20T00:38:54","modified_gmt":"2013-06-19T22:38:54","slug":"atomstopp-antiatom-organisationen-zeigen-grenzuberschreitende-aspekte-ihrer-arbeit-aus-gegebenem-anlass-der-landesausstellung-oberosterreich_sudbohmen-landesausstellung-darf-an-offener-baustelle-a","status":"publish","type":"post","link":"https:\/\/www.muettergegenatomgefahr.at\/?p=688","title":{"rendered":"atomstopp: Antiatom-Organisationen zeigen grenz\u00fcberschreitende Aspekte ihrer Arbeit  aus gegebenem Anlass der Landesausstellung Ober\u00f6sterreich_S\u00fcdb\u00f6hmen"},"content":{"rendered":"<p><em>Landesausstellung darf an offener Baustelle &#8222;AKW Temelin&#8220; nicht vorbeiblicken &#8211; Reden Sie mit! Informieren Sie sich! <\/em><\/p>\n<p>Aus gegebenem Anlass der grenz\u00fcberschreitenden Landesausstellung in S\u00fcdb\u00f6hmen_Ober\u00f6sterreich weist die Antiatombewegung auf die offene Baustelle &#8222;Atomkraftwerk Temelin&#8220; in den ober\u00f6sterreichisch-s\u00fcdb\u00f6hmischen Beziehungen hin, auf die sich aus den grenz\u00fcberschreitenden Auswirkungen der Atomkraft ergebenden lebensnotwendigen grenz\u00fcberschreitenden Zusammenarbeit.<\/p>\n<p>Dem seit Jahrzehnten regen Austausch, die st\u00e4ndig sich weiterentwickelnde Zusammenarbeit der Antiatom-Organisationen beiderseits der Grenzen, soll Rechnung getr  agen werden, und zwar:<\/p>\n<p>M\u00fctter gegen Atomgefahr, Freistadt, laden ein:<\/p>\n<p>22. Juni &#8211; ab 12 Uhr: Antiatom-Organisationen in Ober\u00f6sterreich und S\u00fcdb\u00f6hmen pr\u00e4sentieren ihre Arbeit und stehen Rede und Antwort auf offene Fragen.<\/p>\n<p>22. Juni &#8211; 18 Uhr: \u00dcber die Notwendigkeit grenz\u00fcberschreitender Zusammenarbeit in der Antiatom-Bewegung &#8211; Reden Sie mit: Mathilde Halla (langj\u00e4hrige Obfrau der O\u00d6 \u00fcberparteilichen Plattform gegen Atomgefahr und Gr\u00fcnderin der M\u00fctter gegen Atomgefahr, Linz), Dana Kuchotva (langj\u00e4hrige Obfrau der S\u00fcdb\u00f6hmischen M\u00fctter gegen Atomgefahr), Monika Wittingerova-Machova (derzeitige Obfrau der S\u00fcdb\u00f6hmischen M\u00fctter gegen Atomgefahr) und weiteren Antiatom-Aktivist_innen &#8211; Moderation: Gabriele Schweiger (Obfrau M\u00fctter gegen Atomgefahr, Freistadt)<\/p>\n<p>23. Juni &#8211; 10:30 Uhr &#8211; 16 Uhr: Antiatom-Organisationen in Ober\u00f6sterreich und S\u00fcdb\u00f6hmen pr\u00e4sentieren ihre Arbeit und stehen Rede und Antwort auf offene Fragen.  Ort: Salzgasse 20, 4240 Freistadt  F\u00fcr Verk\u00f6stigung und Getr\u00e4nke wird gesorgt sein und im Sinne der grenz\u00fcberschreitenden Arbeit: W\u00fcrste, aus beiden L\u00e4ndern &#8211; gesotten im selben Wasser und das passende Bier dazu.<\/p>\n<p>F\u00fcr weitere Informationen:<br \/>\nGabriele Schweiger + 43 680 33 33 625<br \/>\nRoland Egger + 43 680 23 93 019<\/p>\n","protected":false},"excerpt":{"rendered":"<p>Landesausstellung darf an offener Baustelle &#8222;AKW Temelin&#8220; nicht vorbeiblicken &#8211; Reden Sie mit! Informieren Sie sich! Aus gegebenem Anlass der grenz\u00fcberschreitenden Landesausstellung in S\u00fcdb\u00f6hmen_Ober\u00f6sterreich weist die Antiatombewegung auf die offene Baustelle &#8222;Atomkraftwerk Temelin&#8220; in den ober\u00f6sterreichisch-s\u00fcdb\u00f6hmischen Beziehungen hin, auf die &hellip; <a href=\"https:\/\/www.muettergegenatomgefahr.at\/?p=688\">Weiterlesen <span class=\"meta-nav\">&rarr;<\/span><\/a><\/p>\n","protected":false},"author":2,"featured_media":0,"comment_status":"open","ping_status":"open","sticky":false,"template":"","format":"standard","meta":{"footnotes":""},"categories":[1],"tags":[],"class_list":["post-688","post","type-post","status-publish","format-standard","hentry","category-allgemein"],"_links":{"self":[{"href":"https:\/\/www.muettergegenatomgefahr.at\/index.php?rest_route=\/wp\/v2\/posts\/688","targetHints":{"allow":["GET"]}}],"collection":[{"href":"https:\/\/www.muettergegenatomgefahr.at\/index.php?rest_route=\/wp\/v2\/posts"}],"about":[{"href":"https:\/\/www.muettergegenatomgefahr.at\/index.php?rest_route=\/wp\/v2\/types\/post"}],"author":[{"embeddable":true,"href":"https:\/\/www.muettergegenatomgefahr.at\/index.php?rest_route=\/wp\/v2\/users\/2"}],"replies":[{"embeddable":true,"href":"https:\/\/www.muettergegenatomgefahr.at\/index.php?rest_route=%2Fwp%2Fv2%2Fcomments&post=688"}],"version-history":[{"count":3,"href":"https:\/\/www.muettergegenatomgefahr.at\/index.php?rest_route=\/wp\/v2\/posts\/688\/revisions"}],"predecessor-version":[{"id":690,"href":"https:\/\/www.muettergegenatomgefahr.at\/index.php?rest_route=\/wp\/v2\/posts\/688\/revisions\/690"}],"wp:attachment":[{"href":"https:\/\/www.muettergegenatomgefahr.at\/index.php?rest_route=%2Fwp%2Fv2%2Fmedia&parent=688"}],"wp:term":[{"taxonomy":"category","embeddable":true,"href":"https:\/\/www.muettergegenatomgefahr.at\/index.php?rest_route=%2Fwp%2Fv2%2Fcategories&post=688"},{"taxonomy":"post_tag","embeddable":true,"href":"https:\/\/www.muettergegenatomgefahr.at\/index.php?rest_route=%2Fwp%2Fv2%2Ftags&post=688"}],"curies":[{"name":"wp","href":"https:\/\/api.w.org\/{rel}","templated":true}]}}