{"id":700,"date":"2013-07-23T10:11:57","date_gmt":"2013-07-23T08:11:57","guid":{"rendered":"http:\/\/www.muettergegenatomgefahr.at\/?p=700"},"modified":"2013-07-23T10:11:57","modified_gmt":"2013-07-23T08:11:57","slug":"atomstopp-antiatom-organisationen-mussen-europaweit-gemeinsam-gegen-atomsubventionen-auftreten","status":"publish","type":"post","link":"https:\/\/www.muettergegenatomgefahr.at\/?p=700","title":{"rendered":"atomstopp: Antiatom-Organisationen m\u00fcssen europaweit gemeinsam gegen Atomsubventionen auftreten!"},"content":{"rendered":"<p><em>Temelin-Projektant spielt auf Zeit &#8211; Wir werden diese Zeit nutzen!<\/em><\/p>\n<p>&#8222;Wer eins und eins zusammenz\u00e4hlt, kann sich ausrechnen, dass die jetzt bekannt gewordene Verschiebung des Temelin-Ausbaus um mindestens ein Jahr, mit der offenen Frage nach den Atomsubventionen zusammenh\u00e4ngt! Ohne die Erlaubnis der EU-Kommission, den Ausbau von Temelin mit nationalen Atomsubventionen zu f\u00f6rdern, wird der Ausbau nicht stattfinden! L\u00e4ngst ist auch der Regierung in Tschechien klar, dass Atomkraft ohne F\u00f6rderung am Ende ist!&#8220;, so Roland Egger und Gabriele Schweiger, Sprecher von atomstopp_oberoesterreich. <\/p>\n<p>&#8222;Der Temelin-Projektant spielt auf Zeit! Und diese Zeit werden wir nutzen! Antiatom-Organisationen m\u00fcssen europaweit gegen die Atomsubventionen  auftreten! Wann, wenn nicht jetzt, gilt es l\u00e4nder\u00fcbergreifend aktiv zu werden! Wir als kleine Organisation atomstopp werden jedenfalls unseren Beitrag leisten und hoffen sehr, dass auch die &#8222;gro\u00dfen&#8220; Organisationen aktiv werden! Wir sind international gut vernetzt und wir werden deshalb einen Aufruf starten! Die Frage der Atomsubventionierung wird in den n\u00e4chsten Monaten entschieden werden und ist somit auch von zentraler Bedeutung f\u00fcr einen elementaren Erfolgsschritt der europ\u00e4ischen Antiatom-Bewegung. Es w\u00e4re grob fahrl\u00e4ssig diese Gelegenheit ungenutzt zu lassen!&#8220;, so Egger und Schweiger weiter. <\/p>\n<p>&#8222;Sp\u00e4testens im Herbst muss die europ\u00e4ische Kampagne gegen die Atomsubventionen auf Schiene sein, denn im Mai 2014 finden die Wahlen zum Europ\u00e4ischen Parlament statt. Und die Atomsubventionen werden auch zur Gretchenfrage f\u00fcr die EU-Abgeordneten werden!&#8220;, sind Egger und Schweiger \u00fcberzeugt  , denn: &#8222;Europa steht heute mehr denn je am atomaren Scheideweg!&#8220;<\/p>\n<p>Weitere Informationen:<br \/>\nRoland Egger + 43 680 23 93 019<br \/>\nGabriele Schweiger + 43 680 33 33 625<\/p>\n","protected":false},"excerpt":{"rendered":"<p>Temelin-Projektant spielt auf Zeit &#8211; Wir werden diese Zeit nutzen! &#8222;Wer eins und eins zusammenz\u00e4hlt, kann sich ausrechnen, dass die jetzt bekannt gewordene Verschiebung des Temelin-Ausbaus um mindestens ein Jahr, mit der offenen Frage nach den Atomsubventionen zusammenh\u00e4ngt! Ohne die &hellip; <a href=\"https:\/\/www.muettergegenatomgefahr.at\/?p=700\">Weiterlesen <span class=\"meta-nav\">&rarr;<\/span><\/a><\/p>\n","protected":false},"author":2,"featured_media":0,"comment_status":"open","ping_status":"open","sticky":false,"template":"","format":"standard","meta":{"footnotes":""},"categories":[1],"tags":[],"class_list":["post-700","post","type-post","status-publish","format-standard","hentry","category-allgemein"],"_links":{"self":[{"href":"https:\/\/www.muettergegenatomgefahr.at\/index.php?rest_route=\/wp\/v2\/posts\/700","targetHints":{"allow":["GET"]}}],"collection":[{"href":"https:\/\/www.muettergegenatomgefahr.at\/index.php?rest_route=\/wp\/v2\/posts"}],"about":[{"href":"https:\/\/www.muettergegenatomgefahr.at\/index.php?rest_route=\/wp\/v2\/types\/post"}],"author":[{"embeddable":true,"href":"https:\/\/www.muettergegenatomgefahr.at\/index.php?rest_route=\/wp\/v2\/users\/2"}],"replies":[{"embeddable":true,"href":"https:\/\/www.muettergegenatomgefahr.at\/index.php?rest_route=%2Fwp%2Fv2%2Fcomments&post=700"}],"version-history":[{"count":2,"href":"https:\/\/www.muettergegenatomgefahr.at\/index.php?rest_route=\/wp\/v2\/posts\/700\/revisions"}],"predecessor-version":[{"id":702,"href":"https:\/\/www.muettergegenatomgefahr.at\/index.php?rest_route=\/wp\/v2\/posts\/700\/revisions\/702"}],"wp:attachment":[{"href":"https:\/\/www.muettergegenatomgefahr.at\/index.php?rest_route=%2Fwp%2Fv2%2Fmedia&parent=700"}],"wp:term":[{"taxonomy":"category","embeddable":true,"href":"https:\/\/www.muettergegenatomgefahr.at\/index.php?rest_route=%2Fwp%2Fv2%2Fcategories&post=700"},{"taxonomy":"post_tag","embeddable":true,"href":"https:\/\/www.muettergegenatomgefahr.at\/index.php?rest_route=%2Fwp%2Fv2%2Ftags&post=700"}],"curies":[{"name":"wp","href":"https:\/\/api.w.org\/{rel}","templated":true}]}}