{"id":708,"date":"2013-08-14T13:32:57","date_gmt":"2013-08-14T11:32:57","guid":{"rendered":"http:\/\/www.muettergegenatomgefahr.at\/?p=708"},"modified":"2013-08-14T13:32:57","modified_gmt":"2013-08-14T11:32:57","slug":"atomstopp-temelin-ausbau-ohne-atomfreundlichen-wind-aus-brussel-chancenlos","status":"publish","type":"post","link":"https:\/\/www.muettergegenatomgefahr.at\/?p=708","title":{"rendered":"atomstopp: Temelin-Ausbau ohne atomfreundlichen Wind aus Br\u00fcssel chancenlos!"},"content":{"rendered":"<p><em> Ist Bundeskanzler Faymann ein Mann der Tat oder nur des Wortes?<\/em><\/p>\n<p>&#8222;Die Bekanntgabe des tschechischen Atomkonzerns CEZ \u00fcber den Ausbau Temelins jetzt doch noch nicht entscheiden zu wollen, sondern erst Ende 2014 oder 2015 h\u00e4ngt ma\u00dfgeblich von der Entscheidung der EU-Kommission ab, ob sie nationale Subventionen f\u00fcr Atomenergie zulassen wird &#8211; und somit erlaubt, diese mehr als 5o Jahre alte Technologie in der F\u00f6rderungsw\u00fcrdigkeit den jungen Erneuerbaren Energien gleichzusetzen!&#8220;, so der Kommentar von Roland Egger und Gabriele Schweiger, Sprecher von atomstopp_oberoesterreich.<\/p>\n<p>&#8222;Der Temelin-Ausbau ist von atomfreundlichem Wind aus Br\u00fcssel abh\u00e4ngig! Und bis die EU-Kommission aber zu einer Entscheidung kommt und diese jetzt noch wettbewerbswid  rigen Subventionen f\u00fcr Atomenergie zulassen wird, wird es wohl noch dauern. Vor Ende 2014 oder im Laufe des Jahres 2015 wird in Br\u00fcssel keine definitive Entscheidung fallen und genauso lange wird auch CEZ seine Entscheidung \u00fcber den Ausbau Temelin hinausz\u00f6gern. Ohne nationale Subventionen f\u00fcr Atomkraft ist der Temelin-Ausbau gestorben!&#8220;, so Egger und Schweiger weiter.<\/p>\n<p>&#8222;Es h\u00e4ngt jetzt viel vom Verhandlungsgeschick der \u00f6sterreichischen Politiker_innen ab und wie und ob es ihnen gelingt, europaweit Allianzen gegen diese Atomkraft-Subventionen zu bilden! Wir hoffen sehr, dass Bundeskanzler Faymann ein Mann der Tat und nicht nur des Wortes ist und sich beherzt in diese Verhandlungen st\u00fcrzt: Wenn es jetzt gelingt, die Atomkraft-Subventionen zu verhindern, sind wir dem europ\u00e4ischen Atomausstieg einen riesigen Schritt n\u00e4her!&#8220;, so Egger und Schweiger abschlie\u00dfend.<\/p>\n<p>Weitere Informationen:<br \/>\nRoland  Egger + 43 680 23 93 019<br \/>\nGabriele Schweiger + 43 680 33 33 625<\/p>\n","protected":false},"excerpt":{"rendered":"<p>Ist Bundeskanzler Faymann ein Mann der Tat oder nur des Wortes? &#8222;Die Bekanntgabe des tschechischen Atomkonzerns CEZ \u00fcber den Ausbau Temelins jetzt doch noch nicht entscheiden zu wollen, sondern erst Ende 2014 oder 2015 h\u00e4ngt ma\u00dfgeblich von der Entscheidung der &hellip; <a href=\"https:\/\/www.muettergegenatomgefahr.at\/?p=708\">Weiterlesen <span class=\"meta-nav\">&rarr;<\/span><\/a><\/p>\n","protected":false},"author":2,"featured_media":0,"comment_status":"open","ping_status":"open","sticky":false,"template":"","format":"standard","meta":{"footnotes":""},"categories":[1],"tags":[],"class_list":["post-708","post","type-post","status-publish","format-standard","hentry","category-allgemein"],"_links":{"self":[{"href":"https:\/\/www.muettergegenatomgefahr.at\/index.php?rest_route=\/wp\/v2\/posts\/708","targetHints":{"allow":["GET"]}}],"collection":[{"href":"https:\/\/www.muettergegenatomgefahr.at\/index.php?rest_route=\/wp\/v2\/posts"}],"about":[{"href":"https:\/\/www.muettergegenatomgefahr.at\/index.php?rest_route=\/wp\/v2\/types\/post"}],"author":[{"embeddable":true,"href":"https:\/\/www.muettergegenatomgefahr.at\/index.php?rest_route=\/wp\/v2\/users\/2"}],"replies":[{"embeddable":true,"href":"https:\/\/www.muettergegenatomgefahr.at\/index.php?rest_route=%2Fwp%2Fv2%2Fcomments&post=708"}],"version-history":[{"count":1,"href":"https:\/\/www.muettergegenatomgefahr.at\/index.php?rest_route=\/wp\/v2\/posts\/708\/revisions"}],"predecessor-version":[{"id":709,"href":"https:\/\/www.muettergegenatomgefahr.at\/index.php?rest_route=\/wp\/v2\/posts\/708\/revisions\/709"}],"wp:attachment":[{"href":"https:\/\/www.muettergegenatomgefahr.at\/index.php?rest_route=%2Fwp%2Fv2%2Fmedia&parent=708"}],"wp:term":[{"taxonomy":"category","embeddable":true,"href":"https:\/\/www.muettergegenatomgefahr.at\/index.php?rest_route=%2Fwp%2Fv2%2Fcategories&post=708"},{"taxonomy":"post_tag","embeddable":true,"href":"https:\/\/www.muettergegenatomgefahr.at\/index.php?rest_route=%2Fwp%2Fv2%2Ftags&post=708"}],"curies":[{"name":"wp","href":"https:\/\/api.w.org\/{rel}","templated":true}]}}