{"id":714,"date":"2013-08-28T10:23:34","date_gmt":"2013-08-28T08:23:34","guid":{"rendered":"http:\/\/www.muettergegenatomgefahr.at\/?p=714"},"modified":"2013-08-28T10:23:34","modified_gmt":"2013-08-28T08:23:34","slug":"atomstopp-fukushima-brennt","status":"publish","type":"post","link":"https:\/\/www.muettergegenatomgefahr.at\/?p=714","title":{"rendered":"atomstopp: FUKUSHIMA brennt!"},"content":{"rendered":"<p><em>Appell an Faymann und Spindelegger: \u00d6sterreich muss STOPP jedweder Atomf\u00f6rderung JETZT (!) vorantreiben!<\/em><\/p>\n<p>&#8222;Warum auch angesichts der t\u00e4glichen Horrormeldungen aus dem AKW FUKUSHIMA die \u00f6sterreichische Bundesregierung offenbar immer noch nicht gewillt ist, unverz\u00fcglich eine europ\u00e4ische Antiatom-Allianz aufzubauen, ist absolut unverst\u00e4ndlich und fahrl\u00e4ssig!&#8220;, \u00e4rgern sich Roland Egger und Gabriele Schweiger, Sprecher von atomstopp_oberoesterreich.<\/p>\n<p>&#8222;Auf was warten Bundeskanzler Faymann und Vizekanzler Spindelegger noch? Was muss noch passieren, dass sie endlich den gro\u00dfen Ank\u00fcndigungen auch Taten folgen lassen und aus dem Schlagwort der \u00d6VP &#8211; &#8222;RAUS aus ATOM&#8220; und dem Schlagwort der SP\u00d6 &#8211; &#8222;Kampf gegen Atomenergie&#8220; endlich Realit\u00e4t wird!&#8220;, wundern sich Egger und Schweiger \u00fcber die Lethargie der Bundesregierung.<\/p>\n<p>Der Atomlobby muss jedwede \u00f6ffentliche Unterst\u00fctzung entzogen werden: &#8222;Es ist schizophren, dass wir alle \u00fcber die Zwangsmitgliedschaft bei EURATOM die europ\u00e4ische Atomindustrie mit unterst\u00fctzen m\u00fcssen und damit zu unserer eigenen atomaren Gef\u00e4hrdung beitragen! Wann, wenn nicht jetzt, soll \u00d6sterreich den STOPP jedweder Atomf\u00f6rderung vorantreiben? Das M\u00e4rchen von der sicheren Atomkraft und dem &#8222;beherrschbaren&#8220; SuperGAU ist seit TSCHERNOBYL Geschichte &#8211; FUKUSHIMA ist nur die Best\u00e4tigung und eine h\u00f6chst alarmierende Mahnung. Auf jeden weiteren Beweis kann die Menschheit getrost verzichten!&#8220;, so Egger und Schweiger abschlie\u00dfend.<\/p>\n<p>Weitere Informationen:<br \/>\nRoland Egger + 43 680 23 93 019<br \/>\nGabriele Schweiger + 43 680 33 33 625<\/p>\n","protected":false},"excerpt":{"rendered":"<p>Appell an Faymann und Spindelegger: \u00d6sterreich muss STOPP jedweder Atomf\u00f6rderung JETZT (!) vorantreiben! &#8222;Warum auch angesichts der t\u00e4glichen Horrormeldungen aus dem AKW FUKUSHIMA die \u00f6sterreichische Bundesregierung offenbar immer noch nicht gewillt ist, unverz\u00fcglich eine europ\u00e4ische Antiatom-Allianz aufzubauen, ist absolut unverst\u00e4ndlich &hellip; <a href=\"https:\/\/www.muettergegenatomgefahr.at\/?p=714\">Weiterlesen <span class=\"meta-nav\">&rarr;<\/span><\/a><\/p>\n","protected":false},"author":2,"featured_media":0,"comment_status":"open","ping_status":"open","sticky":false,"template":"","format":"standard","meta":{"footnotes":""},"categories":[1],"tags":[],"class_list":["post-714","post","type-post","status-publish","format-standard","hentry","category-allgemein"],"_links":{"self":[{"href":"https:\/\/www.muettergegenatomgefahr.at\/index.php?rest_route=\/wp\/v2\/posts\/714","targetHints":{"allow":["GET"]}}],"collection":[{"href":"https:\/\/www.muettergegenatomgefahr.at\/index.php?rest_route=\/wp\/v2\/posts"}],"about":[{"href":"https:\/\/www.muettergegenatomgefahr.at\/index.php?rest_route=\/wp\/v2\/types\/post"}],"author":[{"embeddable":true,"href":"https:\/\/www.muettergegenatomgefahr.at\/index.php?rest_route=\/wp\/v2\/users\/2"}],"replies":[{"embeddable":true,"href":"https:\/\/www.muettergegenatomgefahr.at\/index.php?rest_route=%2Fwp%2Fv2%2Fcomments&post=714"}],"version-history":[{"count":1,"href":"https:\/\/www.muettergegenatomgefahr.at\/index.php?rest_route=\/wp\/v2\/posts\/714\/revisions"}],"predecessor-version":[{"id":715,"href":"https:\/\/www.muettergegenatomgefahr.at\/index.php?rest_route=\/wp\/v2\/posts\/714\/revisions\/715"}],"wp:attachment":[{"href":"https:\/\/www.muettergegenatomgefahr.at\/index.php?rest_route=%2Fwp%2Fv2%2Fmedia&parent=714"}],"wp:term":[{"taxonomy":"category","embeddable":true,"href":"https:\/\/www.muettergegenatomgefahr.at\/index.php?rest_route=%2Fwp%2Fv2%2Fcategories&post=714"},{"taxonomy":"post_tag","embeddable":true,"href":"https:\/\/www.muettergegenatomgefahr.at\/index.php?rest_route=%2Fwp%2Fv2%2Ftags&post=714"}],"curies":[{"name":"wp","href":"https:\/\/api.w.org\/{rel}","templated":true}]}}