{"id":719,"date":"2013-09-08T10:20:32","date_gmt":"2013-09-08T08:20:32","guid":{"rendered":"http:\/\/www.muettergegenatomgefahr.at\/?p=719"},"modified":"2013-09-08T10:20:32","modified_gmt":"2013-09-08T08:20:32","slug":"osterreichisches-netzwerk-atomkraftfrei-atomfragen-an-und-antworten-von-spitzenkandidat_innen-zur-nationalratswahl-2013","status":"publish","type":"post","link":"https:\/\/www.muettergegenatomgefahr.at\/?p=719","title":{"rendered":"\u00d6sterreichisches Netzwerk Atomkraftfrei: Atomfragen an und Antworten von Spitzenkandidat_innen zur Nationalratswahl 2013"},"content":{"rendered":"<p>\u00d6sterreich w\u00e4hlt am 29. September einen neuen Nationalrat. Der Ausgang der Wahlen wird\u00a0 durch Entsendung in die EU-Ministerr\u00e4te auch zwangsl\u00e4ufig Einfluss auf die europ\u00e4ische Atompolitik haben: Wichtige Fragen und Entscheidungen zur Europ\u00e4ischen Atomgemeinschaft EURATOM, zur ATOMHAFTUNG und zur SUBVENTIONIERUNG von ATOMSTROM, zur ENDLAGERUNG von hochradioaktiven Abf\u00e4llen\u00a0 und zur Intensivierung der \u00f6sterreichischen Antiatom-Politik in Form eines Sonderbeauftragten stehen an. Es braucht mutige \u00f6sterreichische Politiker_innen, die sich vorbehaltlos, aktiv und vision\u00e4r f\u00fcr einen europaweiten Atomausstieg einsetzen!<\/p>\n<p>Nach Meinung des \u00d6sterreichischen Netzwerkes Atomkraftfrei sind die Fragen zu EURATOM, zur ATOMHAFTUNG und zur SUBVENTIONIERUNG von ATOMSTROM richtungsweisend \u2013 vom Umgang mit diesen Themen wird es abh\u00e4ngen, ob weiterhin die von der EU-Kommission und einzelnen L\u00e4ndern vorgegebene Pro-Atompolitik mutlos gebilligt\u00a0 wird oder ob sich die B\u00fcrger_innen Europas in Richtung europ\u00e4ischer Atomausstieg durchsetzen k\u00f6nnen \u2013 und das unter aktiver \u00f6sterreichischer Beteiligung!<\/p>\n<p>\u201eDie einhellige Ablehnung der Atomkraft und \u00dcberblick \u00fcber die aktuelle Atompolitik zeugt von der\u00a0 Bedeutung, die die Parteien diesem Thema beimessen. Klare Worte von der k\u00fcnftigen \u00f6sterreichischen Bundesregierung auf EU Ebene in den n\u00e4chsten Monaten sind dringend n\u00f6tig, da die Atomfreunde in Europa eine lange Liste durchbringen m\u00f6chten: Zusatzfinanzierung f\u00fcr Kernfusion, Einf\u00fchrung von Subventionen f\u00fcr neue Atomkraftwerke, Errichtung von Temelin 3+4, Atomm\u00fcll &#8211; Endlager ohne Mitsprache der Bev\u00f6lkerung und schlie\u00dflich eine neue EU-weite Atomhaftungsregelung,\u201c stellt Roland Egger f\u00fcr das \u00d6sterreichische Netzwerk Atomkraftfrei klar.<\/p>\n<p><em>SP\u00d6, \u00d6VP, FP\u00d6, GR\u00dcNE, BZ\u00d6, TEAM STRONACH, KP\u00d6 und Piratenpartei \u00d6sterreichs\u00a0\u00a0 haben ihre Positionen \u00fcbermittelt.<\/em><\/p>\n<p>Ver\u00f6ffentlicht sind die Fragen und Antworten auf <a title=\"www.atomstopp.at\" href=\"http:\/\/www.atomstopp.at\/Atomfragen\/\" target=\"_blank\">www.atomstopp.at<\/a> und auf weiteren Internet-Seiten von Organisationen des \u00d6sterreichischen Netzwerkes Atomkraftfrei.<\/p>\n<p>Das Netzwerk l\u00e4dt ein, sich ein Bild von den Perspektiven und Ans\u00e4tzen \u00f6sterreichischer Politiker_innen f\u00fcr eine aktive Antiatom-Politik zu machen.<\/p>\n<p>Weitere Informationen:<br \/>\nDas \u00d6sterreichische Netzwerk Atomkraftfrei<\/p>\n<p>Roland Egger \u2013 atomstopp_atomkraftfrei leben! \u2013 +43 680 23 93 019<br \/>\nGabriele Schweiger \u2013 M\u00fctter gegen Atomgefahr,. Freistadt \u2013 +43 680 33 33 625<br \/>\nHeinz Stockinger \u2013 Salzburger Plattform gegen Atomgefahren + 43 662 643567<br \/>\nHildegard Breiner \u2013 Vorarlberger Plattform gegen Atomgefahr +43 5574 421 54<br \/>\nMaria Urban \u2013 Wiener Plattform Atomkraftfrei +43 1 86 599 39<br \/>\nManfred Doppler \u2013 Anti Atom Komitee +43 664 450 50 15<br \/>\nGottfried Brandner \u2013 Waldviertler Energiestammtisch +43 664 233 10 45<br \/>\nBernhard Riepl \u2013 Verein Sonne+Freiheit +42 077538 750<br \/>\nPatricia Lorenz \u2013 GLOBAL 2000 +43 699 142000 28<\/p>\n","protected":false},"excerpt":{"rendered":"<p>\u00d6sterreich w\u00e4hlt am 29. September einen neuen Nationalrat. Der Ausgang der Wahlen wird\u00a0 durch Entsendung in die EU-Ministerr\u00e4te auch zwangsl\u00e4ufig Einfluss auf die europ\u00e4ische Atompolitik haben: Wichtige Fragen und Entscheidungen zur Europ\u00e4ischen Atomgemeinschaft EURATOM, zur ATOMHAFTUNG und zur SUBVENTIONIERUNG von &hellip; <a href=\"https:\/\/www.muettergegenatomgefahr.at\/?p=719\">Weiterlesen <span class=\"meta-nav\">&rarr;<\/span><\/a><\/p>\n","protected":false},"author":2,"featured_media":0,"comment_status":"open","ping_status":"open","sticky":false,"template":"","format":"standard","meta":{"footnotes":""},"categories":[1],"tags":[],"class_list":["post-719","post","type-post","status-publish","format-standard","hentry","category-allgemein"],"_links":{"self":[{"href":"https:\/\/www.muettergegenatomgefahr.at\/index.php?rest_route=\/wp\/v2\/posts\/719","targetHints":{"allow":["GET"]}}],"collection":[{"href":"https:\/\/www.muettergegenatomgefahr.at\/index.php?rest_route=\/wp\/v2\/posts"}],"about":[{"href":"https:\/\/www.muettergegenatomgefahr.at\/index.php?rest_route=\/wp\/v2\/types\/post"}],"author":[{"embeddable":true,"href":"https:\/\/www.muettergegenatomgefahr.at\/index.php?rest_route=\/wp\/v2\/users\/2"}],"replies":[{"embeddable":true,"href":"https:\/\/www.muettergegenatomgefahr.at\/index.php?rest_route=%2Fwp%2Fv2%2Fcomments&post=719"}],"version-history":[{"count":2,"href":"https:\/\/www.muettergegenatomgefahr.at\/index.php?rest_route=\/wp\/v2\/posts\/719\/revisions"}],"predecessor-version":[{"id":721,"href":"https:\/\/www.muettergegenatomgefahr.at\/index.php?rest_route=\/wp\/v2\/posts\/719\/revisions\/721"}],"wp:attachment":[{"href":"https:\/\/www.muettergegenatomgefahr.at\/index.php?rest_route=%2Fwp%2Fv2%2Fmedia&parent=719"}],"wp:term":[{"taxonomy":"category","embeddable":true,"href":"https:\/\/www.muettergegenatomgefahr.at\/index.php?rest_route=%2Fwp%2Fv2%2Fcategories&post=719"},{"taxonomy":"post_tag","embeddable":true,"href":"https:\/\/www.muettergegenatomgefahr.at\/index.php?rest_route=%2Fwp%2Fv2%2Ftags&post=719"}],"curies":[{"name":"wp","href":"https:\/\/api.w.org\/{rel}","templated":true}]}}