{"id":723,"date":"2013-09-11T10:29:05","date_gmt":"2013-09-11T08:29:05","guid":{"rendered":"http:\/\/www.muettergegenatomgefahr.at\/?p=723"},"modified":"2013-09-11T10:42:35","modified_gmt":"2013-09-11T08:42:35","slug":"atomstopp-wie-viele-atomkommissare-sitzen-in-der-europaischen-kommission","status":"publish","type":"post","link":"https:\/\/www.muettergegenatomgefahr.at\/?p=723","title":{"rendered":"atomstopp: Wie viele Atomkommissare sitzen in der Europ\u00e4ischen Kommission?"},"content":{"rendered":"<p><em> Nur mit zus\u00e4tzlichen Subventionen ist Atomkraft \u00fcberlebensf\u00e4hig! <\/em><\/p>\n<p><em><\/em>&#8222;FUKUSHIMA brennt und die Europ\u00e4ische Kommission erw\u00e4gt, zus\u00e4tzliche \u00f6ffentliche F\u00f6rderungen f\u00fcr die Atomkraft zuzulassen &#8211; und zwar nach dem Modell f\u00fcr Erneuerbare Energien! Das ist unfassbar!&#8220;, so Roland Egger und Gabriele Schweiger, Sprecher von atomstopp_oberoesterreich, die somit ank\u00fcndigen, die von GLOBAL 2000 initiierte Petition an die Mitglieder der Europ\u00e4ischen Kommission zu unterst\u00fctzen. Ab sofort werden die Vereinsmitglieder \u00fcber die Petition informiert und zur <a href=\"http:\/\/www.my-voice.eu\/de-AT?country=de-AT\" target=\"_blank\">Unterst\u00fctzung<\/a> aufgerufen, denn noch diesen Herbst k\u00f6nnten die ersten Weichen f\u00fcr das neue Beihilfemodell f\u00fcr AKW gestellt werden!<\/p>\n<p>&#8222;Die Kommissare entscheiden ganz alleine &#8211; mit einfacher Mehrheit &#8211; ob sie mit den zus\u00e4tzlichen F\u00f6rderungen das \u00dcberleben der Atomkraft sichern wollen. Europa braucht aber keine Atomkommissare &#8211; Europa braucht Politiker_innen mit Zukunftsvisionen! Und Atomkraft mitsamt ihren unbeherrschbaren Auswirkungen weiter f\u00f6rdern zu wollen, ist v\u00f6llig inakzeptabel und eine Gefahr f\u00fcr die Zukunft Europas!&#8220;, so Egger und Schweiger weiter.<\/p>\n<p>&#8222;Unsere klare und unmissverst\u00e4ndliche Botschaft nach Br\u00fcssel ist: Wir wollen keine Atomkommissare, keine F\u00f6rderung der Atomkraft sondern vielmehr das AUS f\u00fcr den Atomf\u00f6rderverein EURATOM!&#8220;, so Egger und Schweiger abschlie\u00dfend.<\/p>\n<p>Weitere Informationen:<br \/>\nRoland Egger + 43 680 23 93 019<br \/>\nGabriele Schweiger + 43 680 33 33 625<\/p>\n","protected":false},"excerpt":{"rendered":"<p>Nur mit zus\u00e4tzlichen Subventionen ist Atomkraft \u00fcberlebensf\u00e4hig! &#8222;FUKUSHIMA brennt und die Europ\u00e4ische Kommission erw\u00e4gt, zus\u00e4tzliche \u00f6ffentliche F\u00f6rderungen f\u00fcr die Atomkraft zuzulassen &#8211; und zwar nach dem Modell f\u00fcr Erneuerbare Energien! Das ist unfassbar!&#8220;, so Roland Egger und Gabriele Schweiger, Sprecher &hellip; <a href=\"https:\/\/www.muettergegenatomgefahr.at\/?p=723\">Weiterlesen <span class=\"meta-nav\">&rarr;<\/span><\/a><\/p>\n","protected":false},"author":2,"featured_media":0,"comment_status":"open","ping_status":"open","sticky":false,"template":"","format":"standard","meta":{"footnotes":""},"categories":[1],"tags":[],"class_list":["post-723","post","type-post","status-publish","format-standard","hentry","category-allgemein"],"_links":{"self":[{"href":"https:\/\/www.muettergegenatomgefahr.at\/index.php?rest_route=\/wp\/v2\/posts\/723","targetHints":{"allow":["GET"]}}],"collection":[{"href":"https:\/\/www.muettergegenatomgefahr.at\/index.php?rest_route=\/wp\/v2\/posts"}],"about":[{"href":"https:\/\/www.muettergegenatomgefahr.at\/index.php?rest_route=\/wp\/v2\/types\/post"}],"author":[{"embeddable":true,"href":"https:\/\/www.muettergegenatomgefahr.at\/index.php?rest_route=\/wp\/v2\/users\/2"}],"replies":[{"embeddable":true,"href":"https:\/\/www.muettergegenatomgefahr.at\/index.php?rest_route=%2Fwp%2Fv2%2Fcomments&post=723"}],"version-history":[{"count":4,"href":"https:\/\/www.muettergegenatomgefahr.at\/index.php?rest_route=\/wp\/v2\/posts\/723\/revisions"}],"predecessor-version":[{"id":727,"href":"https:\/\/www.muettergegenatomgefahr.at\/index.php?rest_route=\/wp\/v2\/posts\/723\/revisions\/727"}],"wp:attachment":[{"href":"https:\/\/www.muettergegenatomgefahr.at\/index.php?rest_route=%2Fwp%2Fv2%2Fmedia&parent=723"}],"wp:term":[{"taxonomy":"category","embeddable":true,"href":"https:\/\/www.muettergegenatomgefahr.at\/index.php?rest_route=%2Fwp%2Fv2%2Fcategories&post=723"},{"taxonomy":"post_tag","embeddable":true,"href":"https:\/\/www.muettergegenatomgefahr.at\/index.php?rest_route=%2Fwp%2Fv2%2Ftags&post=723"}],"curies":[{"name":"wp","href":"https:\/\/api.w.org\/{rel}","templated":true}]}}