{"id":728,"date":"2013-09-12T10:14:08","date_gmt":"2013-09-12T08:14:08","guid":{"rendered":"http:\/\/www.muettergegenatomgefahr.at\/?p=728"},"modified":"2013-09-12T12:24:00","modified_gmt":"2013-09-12T10:24:00","slug":"atomstopp-ist-eu-umweltkommissar-potocnik-ein-atomkommissar","status":"publish","type":"post","link":"https:\/\/www.muettergegenatomgefahr.at\/?p=728","title":{"rendered":"atomstopp: Ist EU-Umweltkommissar Potocnik ein Atomkommissar?"},"content":{"rendered":"<p><em>Vorlage der Petition gegen Atomsubventionen soll morgen, Freitag, in Wien Positionierung kl\u00e4ren<\/em><\/p>\n<p>EU-Umweltkommissar Janez Potocnik wird sich morgen, Freitag, in Wien mit Umweltorganisationen treffen und atomstopp wird diese Gelegenheit nutzen, um die Positionierung des Umweltkommissars zur aktuellen Forderung der Petition gegen EU-Atomsubventionen <a href=\"http:\/\/www.my-voice.eu\/de-AT?country=de-AT\" target=\"_blank\">(www.my-voice.eu)<\/a> zu ermitteln.<\/p>\n<p>&#8222;Wir wollen wissen, wie der Umweltkommissar zu den Pl\u00e4nen steht, Atomkraft in Zukunft nach dem Modell f\u00fcr Erneuerbare Energien f\u00fcr f\u00f6rderw\u00fcrdig zu erkl\u00e4ren. Umweltkommissar Potocnik wird eine von 28 Stimmen haben, die dar\u00fcber entscheiden werden, ob Br\u00fcssel der Atomkraft mit zus\u00e4tzlichen F\u00f6rderungen das \u00dcberleben sichert!&#8220;, so Roland Egger und Gabriele Schwei ger, Sprecher von atomstopp_oberoesterreich.<\/p>\n<p>&#8222;Wir werden bei der \u00dcbergabe auch keinen Zweifel lassen: Europa braucht keine Atomkommissare! Europa braucht Politiker_innen mit Zukunftsvisionen! Die F\u00f6rderung der Atomkraft mitsamt ihren unbeherrschbaren Auswirkungen ist v\u00f6llig inakzeptabel und eine Gefahr f\u00fcr die Zukunft Europas!&#8220;, so Egger und Schweiger abschlie\u00dfend.<\/p>\n<p>Weitere Informationen:<br \/>\nRoland Egger + 43 680 23 93 019<br \/>\nGabriele Schweiger + 43 680 33 33 625<\/p>\n","protected":false},"excerpt":{"rendered":"<p>Vorlage der Petition gegen Atomsubventionen soll morgen, Freitag, in Wien Positionierung kl\u00e4ren EU-Umweltkommissar Janez Potocnik wird sich morgen, Freitag, in Wien mit Umweltorganisationen treffen und atomstopp wird diese Gelegenheit nutzen, um die Positionierung des Umweltkommissars zur aktuellen Forderung der Petition &hellip; <a href=\"https:\/\/www.muettergegenatomgefahr.at\/?p=728\">Weiterlesen <span class=\"meta-nav\">&rarr;<\/span><\/a><\/p>\n","protected":false},"author":2,"featured_media":0,"comment_status":"open","ping_status":"open","sticky":false,"template":"","format":"standard","meta":{"footnotes":""},"categories":[1],"tags":[],"class_list":["post-728","post","type-post","status-publish","format-standard","hentry","category-allgemein"],"_links":{"self":[{"href":"https:\/\/www.muettergegenatomgefahr.at\/index.php?rest_route=\/wp\/v2\/posts\/728","targetHints":{"allow":["GET"]}}],"collection":[{"href":"https:\/\/www.muettergegenatomgefahr.at\/index.php?rest_route=\/wp\/v2\/posts"}],"about":[{"href":"https:\/\/www.muettergegenatomgefahr.at\/index.php?rest_route=\/wp\/v2\/types\/post"}],"author":[{"embeddable":true,"href":"https:\/\/www.muettergegenatomgefahr.at\/index.php?rest_route=\/wp\/v2\/users\/2"}],"replies":[{"embeddable":true,"href":"https:\/\/www.muettergegenatomgefahr.at\/index.php?rest_route=%2Fwp%2Fv2%2Fcomments&post=728"}],"version-history":[{"count":3,"href":"https:\/\/www.muettergegenatomgefahr.at\/index.php?rest_route=\/wp\/v2\/posts\/728\/revisions"}],"predecessor-version":[{"id":731,"href":"https:\/\/www.muettergegenatomgefahr.at\/index.php?rest_route=\/wp\/v2\/posts\/728\/revisions\/731"}],"wp:attachment":[{"href":"https:\/\/www.muettergegenatomgefahr.at\/index.php?rest_route=%2Fwp%2Fv2%2Fmedia&parent=728"}],"wp:term":[{"taxonomy":"category","embeddable":true,"href":"https:\/\/www.muettergegenatomgefahr.at\/index.php?rest_route=%2Fwp%2Fv2%2Fcategories&post=728"},{"taxonomy":"post_tag","embeddable":true,"href":"https:\/\/www.muettergegenatomgefahr.at\/index.php?rest_route=%2Fwp%2Fv2%2Ftags&post=728"}],"curies":[{"name":"wp","href":"https:\/\/api.w.org\/{rel}","templated":true}]}}