{"id":732,"date":"2013-09-19T13:53:55","date_gmt":"2013-09-19T11:53:55","guid":{"rendered":"http:\/\/www.muettergegenatomgefahr.at\/?p=732"},"modified":"2013-09-19T13:53:55","modified_gmt":"2013-09-19T11:53:55","slug":"atomstopp-wir-brauchen-keine-atomkommission-in-brussel","status":"publish","type":"post","link":"https:\/\/www.muettergegenatomgefahr.at\/?p=732","title":{"rendered":"atomstopp: Wir brauchen keine Atomkommission in Br\u00fcssel!"},"content":{"rendered":"<blockquote><p>\nF\u00f6rderung der Atomenergie muss endlich beendet werden!<\/p>\n<p><em>&#8222;Die jetzt bekannt gewordenen Aussagen von EU-Kommissar Oettinger, dass er eine `sensible Umgehung oder Anpassung des Beihilfenrechts fordere, um Investitionen in neue Atomreaktoren m\u00f6glich zu machen`, sind ein Affront f\u00fcr jede Bem\u00fchung eines gemeinsamen europ\u00e4ischen Atomausstiegs und eines EU-Kommissars unw\u00fcrdig!&#8220;, sind Roland Egger und Gabriele Schweiger, Sprecher von atomstopp_oberoesterreich emp\u00f6rt.<\/em><\/p>\n<p><em>&#8222;Europa braucht keine Atomkommission in Br\u00fcssel! Europa braucht Politiker_innen mit Zukunftsvisionen! Die F\u00f6rderung der Atomkraft mitsamt ihren unbeherrschbaren Auswirkungen ist v\u00f6llig inakzeptabel und eine Gefahr f\u00fcr die Zukunft Europas!&#8220;, so Egger und Schweiger weiter.<\/em><\/p>\n<p><em> &#8222;Wir fordern, dass die F\u00f6rderung der Atomenergie endlich eingestellt wird! \u00d6sterreich soll aus dem Atomf\u00f6rderprogramm EURATOM aussteigen! Wir wollen nicht, dass mit unseren Steuergeldern eine Technologie gef\u00f6rdert wird, die uns einer st\u00e4ndigen Lebensgefahr aussetzt! Von der n\u00e4chsten Bundesregierung wird erwartet, dass die entscheidenden Schritte f\u00fcr einen europaweiten Atomausstieg eingeleitet werden. Der Atomf\u00f6rderverein EURATOM muss aufgel\u00f6st werden!&#8220;, so Egger und Schweiger abschlie\u00dfend.<\/em><\/p>\n<p><em>Weitere Informationen:<\/em><br \/>\n<em>Roland Egger + 43 680 23 93 019<\/em><br \/>\n<em>Gabriele Schweiger + 43 680 33 33 625<\/em><\/p><\/blockquote>\n","protected":false},"excerpt":{"rendered":"<p>F\u00f6rderung der Atomenergie muss endlich beendet werden! &#8222;Die jetzt bekannt gewordenen Aussagen von EU-Kommissar Oettinger, dass er eine `sensible Umgehung oder Anpassung des Beihilfenrechts fordere, um Investitionen in neue Atomreaktoren m\u00f6glich zu machen`, sind ein Affront f\u00fcr jede Bem\u00fchung eines &hellip; <a href=\"https:\/\/www.muettergegenatomgefahr.at\/?p=732\">Weiterlesen <span class=\"meta-nav\">&rarr;<\/span><\/a><\/p>\n","protected":false},"author":2,"featured_media":0,"comment_status":"open","ping_status":"open","sticky":false,"template":"","format":"standard","meta":{"footnotes":""},"categories":[1],"tags":[],"class_list":["post-732","post","type-post","status-publish","format-standard","hentry","category-allgemein"],"_links":{"self":[{"href":"https:\/\/www.muettergegenatomgefahr.at\/index.php?rest_route=\/wp\/v2\/posts\/732","targetHints":{"allow":["GET"]}}],"collection":[{"href":"https:\/\/www.muettergegenatomgefahr.at\/index.php?rest_route=\/wp\/v2\/posts"}],"about":[{"href":"https:\/\/www.muettergegenatomgefahr.at\/index.php?rest_route=\/wp\/v2\/types\/post"}],"author":[{"embeddable":true,"href":"https:\/\/www.muettergegenatomgefahr.at\/index.php?rest_route=\/wp\/v2\/users\/2"}],"replies":[{"embeddable":true,"href":"https:\/\/www.muettergegenatomgefahr.at\/index.php?rest_route=%2Fwp%2Fv2%2Fcomments&post=732"}],"version-history":[{"count":1,"href":"https:\/\/www.muettergegenatomgefahr.at\/index.php?rest_route=\/wp\/v2\/posts\/732\/revisions"}],"predecessor-version":[{"id":733,"href":"https:\/\/www.muettergegenatomgefahr.at\/index.php?rest_route=\/wp\/v2\/posts\/732\/revisions\/733"}],"wp:attachment":[{"href":"https:\/\/www.muettergegenatomgefahr.at\/index.php?rest_route=%2Fwp%2Fv2%2Fmedia&parent=732"}],"wp:term":[{"taxonomy":"category","embeddable":true,"href":"https:\/\/www.muettergegenatomgefahr.at\/index.php?rest_route=%2Fwp%2Fv2%2Fcategories&post=732"},{"taxonomy":"post_tag","embeddable":true,"href":"https:\/\/www.muettergegenatomgefahr.at\/index.php?rest_route=%2Fwp%2Fv2%2Ftags&post=732"}],"curies":[{"name":"wp","href":"https:\/\/api.w.org\/{rel}","templated":true}]}}