{"id":760,"date":"2013-10-31T10:57:46","date_gmt":"2013-10-31T08:57:46","guid":{"rendered":"http:\/\/www.muettergegenatomgefahr.at\/?p=760"},"modified":"2013-10-31T10:57:46","modified_gmt":"2013-10-31T08:57:46","slug":"osterreichisches-netzwerk-atomkraftfrei-europaweiten-atomausstieg-voranbringen","status":"publish","type":"post","link":"https:\/\/www.muettergegenatomgefahr.at\/?p=760","title":{"rendered":"\u00d6sterreichisches Netzwerk Atomkraftfrei: Europaweiten Atomausstieg voranbringen!"},"content":{"rendered":"<p><strong><em>AVISO: Fotoaktion mit Atomgegner_innen und Forderungen<br \/>\nam 4. November 11 Uhr \u2013 12 Uhr vor Parlament in Wien <\/em><\/strong><\/p>\n<p>Am Vortag des 35. Jahrestages der Zwentendorf-Volksabstimmung appellieren Vertreter_innen des \u00d6sterreichischen Netzwerkes Atomkraftfrei vor dem Parlament mit einer Fotoaktion an die Koalitionsverhandler von SP\u00d6 und \u00d6VP bei ihrem Regierungsprogramm auch europ\u00e4isch zu denken und Ma\u00dfnahmen und Initiativen zu planen, die den europaweiten Atomausstieg voranbringen!   Die Fotoaktion wird stattfinden:<\/p>\n<p><em>Montag, 4. November 2013, 11 h bis 12 h<br \/>\nAuf Transparenten werden die Forderungen der Atomgegner_innen an die Koalitionsverhandler gezeigt (u.a. Stop Risikoreaktoren rund um \u00d6sterreich, RAUS aus EURATOM, STOP IAEA, Atomhaftung!, STOP ATOMSTROM, 1945 \u2013 1986 \u2013 2011)<\/em><\/p>\n<p>\u201eDie Zwentendo  rf-Volksabstimmung war und ist ein Meilenstein in der \u00f6sterreichischen Geschichte. Ohne Direktes Votum der damaligen Bev\u00f6lkerung h\u00e4tte \u00d6sterreich heute mit denselben unl\u00f6sbaren atomaren Problemen zu k\u00e4mpfen wie die Staaten rund um \u00d6sterreich. Die Zwentendorf-Volksabstimmung sollte f\u00fcr alle heutigen Politiker_innen Auftrag und Vision zugleich sein, eine engagierte Antiatom-Politik \u00fcber die Grenzen \u00d6sterreichs hinauszutragen und sich beherzt f\u00fcr einen europaweiten Atomausstieg einzusetzen!\u201c, so die Vertreter des \u00d6sterreichischen Netzwerkes Atomkraftfrei.<\/p>\n<p>\u201eAntiatom-Politik muss auf europ\u00e4ischer Ebene gemacht werden, viele Entscheidungen fallen in Br\u00fcssel: in der Europ\u00e4ischen Kommission, im Europ\u00e4ischen Parlament, im Europ\u00e4ischen Rat. Auch die Rolle der UNO Organisation, der Internationalen Atomenergiebeh\u00f6rde IAEO muss reformiert werden. Der Einfluss des Atomf\u00f6rdervereins EURATOM kann und muss gering gehalten werden. Die Abschaffung von EURATOM muss angestrebt werden  ! Aktuell ist auf EU Ebene die Frage der Atomhaftung, denn Atomkraftwerke sind eklatant unterversichert und die Sch\u00e4den eines atomaren SuperGAUs werden auf die Allgemeinheit abgew\u00e4lzt! Und last but not least: erst eine konsequente Stromkennzeichnung auch au\u00dferhalb \u00d6sterreichs wird den Atomstromimporten einen Riegel vorschieben. Denn solange am internationalen Markt s\u00e4ubernde Zertifikate entkoppelt von der Kilowattstunde Energie aus beliebigen Quellen gekauft werden darf, kann von \u201eSauberer Stromkennzeichnung\u201c ehrlicherweise nicht die Rede sein!\u201c, so die Vertreter des Netzwerkes abschlie\u00dfend.<\/p>\n<p>Weitere Informationen:<br \/>\nRoland Egger atomstopp_oberoesterreich +43 680 23 93 019<br \/>\nMaria Urban Wiener Plattform Atomkraftfrei +43 1 86 599 39<br \/>\nPatricia Lorenz GLOBAL 2000 +43 676 644 64 254<\/p>\n<p>Hinweis:  Das \u00d6sterreichische Netzwerk Atomkraftfrei ist ein loser Zusammenschluss von Antiatom-Organisationen aus ganz \u00d6sterreich, u.a. engagieren sich dabei: Vorarlbe  rger Pla  ttform gegen Atomgefahren, Arbeitsgemeinschaft f\u00fcr eine atomkraftfreie Zukunft afaz (Tirol), Salzburger Plattform gegen Atomgefahren PLAGE, atomstopp_oberoesterreich, Seneca, ISAD, Anti Atom Komitee, Begegnungszentrum f\u00fcr aktive Gewaltlosigkeit Bad Ischl, Nieder\u00f6sterreichische Plattform gegen Atomkraft, Wiener Plattform Atomkraftfrei, sowie GLOBAL 2000 und Greenpeace.<\/p>\n","protected":false},"excerpt":{"rendered":"<p>AVISO: Fotoaktion mit Atomgegner_innen und Forderungen am 4. November 11 Uhr \u2013 12 Uhr vor Parlament in Wien Am Vortag des 35. Jahrestages der Zwentendorf-Volksabstimmung appellieren Vertreter_innen des \u00d6sterreichischen Netzwerkes Atomkraftfrei vor dem Parlament mit einer Fotoaktion an die Koalitionsverhandler &hellip; <a href=\"https:\/\/www.muettergegenatomgefahr.at\/?p=760\">Weiterlesen <span class=\"meta-nav\">&rarr;<\/span><\/a><\/p>\n","protected":false},"author":2,"featured_media":0,"comment_status":"open","ping_status":"open","sticky":false,"template":"","format":"standard","meta":{"footnotes":""},"categories":[1],"tags":[],"class_list":["post-760","post","type-post","status-publish","format-standard","hentry","category-allgemein"],"_links":{"self":[{"href":"https:\/\/www.muettergegenatomgefahr.at\/index.php?rest_route=\/wp\/v2\/posts\/760","targetHints":{"allow":["GET"]}}],"collection":[{"href":"https:\/\/www.muettergegenatomgefahr.at\/index.php?rest_route=\/wp\/v2\/posts"}],"about":[{"href":"https:\/\/www.muettergegenatomgefahr.at\/index.php?rest_route=\/wp\/v2\/types\/post"}],"author":[{"embeddable":true,"href":"https:\/\/www.muettergegenatomgefahr.at\/index.php?rest_route=\/wp\/v2\/users\/2"}],"replies":[{"embeddable":true,"href":"https:\/\/www.muettergegenatomgefahr.at\/index.php?rest_route=%2Fwp%2Fv2%2Fcomments&post=760"}],"version-history":[{"count":2,"href":"https:\/\/www.muettergegenatomgefahr.at\/index.php?rest_route=\/wp\/v2\/posts\/760\/revisions"}],"predecessor-version":[{"id":762,"href":"https:\/\/www.muettergegenatomgefahr.at\/index.php?rest_route=\/wp\/v2\/posts\/760\/revisions\/762"}],"wp:attachment":[{"href":"https:\/\/www.muettergegenatomgefahr.at\/index.php?rest_route=%2Fwp%2Fv2%2Fmedia&parent=760"}],"wp:term":[{"taxonomy":"category","embeddable":true,"href":"https:\/\/www.muettergegenatomgefahr.at\/index.php?rest_route=%2Fwp%2Fv2%2Fcategories&post=760"},{"taxonomy":"post_tag","embeddable":true,"href":"https:\/\/www.muettergegenatomgefahr.at\/index.php?rest_route=%2Fwp%2Fv2%2Ftags&post=760"}],"curies":[{"name":"wp","href":"https:\/\/api.w.org\/{rel}","templated":true}]}}