{"id":763,"date":"2013-11-04T13:27:28","date_gmt":"2013-11-04T11:27:28","guid":{"rendered":"http:\/\/www.muettergegenatomgefahr.at\/?p=763"},"modified":"2013-11-04T13:27:28","modified_gmt":"2013-11-04T11:27:28","slug":"osterreichisches-netzwerk-atomkraftfrei-atomgegner_innen-fordern-von-koalitionsverhandlern-der-spo-und-ovp-europaweiten-atomausstieg-voranbringen","status":"publish","type":"post","link":"https:\/\/www.muettergegenatomgefahr.at\/?p=763","title":{"rendered":"\u00d6sterreichisches Netzwerk Atomkraftfrei: Atomgegner_innen fordern von Koalitionsverhandlern der SP\u00d6 und \u00d6VP &#8211; Europaweiten Atomausstieg voranbringen!"},"content":{"rendered":"<p>Am   Vortag des 35. Jahrestages der Zwentendorf-Volksabstimmung  appellierten Vertreter_innen des \u00d6sterreichischen Netzwerkes  Atomkraftfrei vor dem Parlament mit einer Fotoaktion an die  Koalitionsverhandler von SP\u00d6 und \u00d6VP bei ihrem Regierungsprogramm auch  europ\u00e4isch zu denken und Ma\u00dfnahmen und Initiativen zu planen, die den  europaweiten Atomausstieg voranbringen! <a href=\"http:\/\/www.muettergegenatomgefahr.at\/wp-content\/uploads\/IMG_8385.jpg\"><img loading=\"lazy\" decoding=\"async\" class=\"alignnone size-full wp-image-764\" title=\"IMG_8385\" src=\"http:\/\/www.muettergegenatomgefahr.at\/wp-content\/uploads\/IMG_8385.jpg\" alt=\"\" width=\"3264\" height=\"2448\" srcset=\"https:\/\/www.muettergegenatomgefahr.at\/wp-content\/uploads\/IMG_8385.jpg 3264w, https:\/\/www.muettergegenatomgefahr.at\/wp-content\/uploads\/IMG_8385-300x225.jpg 300w, https:\/\/www.muettergegenatomgefahr.at\/wp-content\/uploads\/IMG_8385-1024x768.jpg 1024w\" sizes=\"auto, (max-width: 3264px) 100vw, 3264px\" \/><\/a><\/p>\n<p>\u0084Die  Zwentendorf-Volksabstimmung war und ist ein Meilenstein in der  \u00f6sterreichischen Geschichte. Ohne Direktes Votum der damaligen  Bev\u00f6lkerung h\u00e4tte \u00d6sterreich heute mit denselben unl\u00f6sbaren atomaren  Problemen zu k\u00e4mpfen wie die Staaten   rund um   \u00d6sterreich. Die Zwentendorf-Volksabstimmung sollte f\u00fcr alle heutigen  Politiker_innen Auftrag und Vision zugleich sein, eine engagierte  Antiatom-Politik \u00fcber die Grenzen \u00d6sterreichs hinauszutragen und sich  beherzt f\u00fcr einen europaweiten Atomausstieg einzusetzen!\u0093, so die  Vertreter des \u00d6sterreichischen Netzwerkes Atomkraftfrei.<\/p>\n<p>Auf den  Bannern war u.a. zu lesen: RAUS aus EURATOM, Stop Risikoreaktoren rund  um \u00d6sterreich, Stop IAEA, Atomhaftung, Stop Atomstrom,1945 \u0096 1986 \u0096  2011.<\/p>\n<p>\u0084Antiatom-Politik muss auf europ\u00e4ischer Ebene gemacht  werden! Viele Entscheidungen fallen in Br\u00fcssel: in der Europ\u00e4ischen  Kommission, im Europ\u00e4ischen Parlament, im Europ\u00e4ischen Rat. Auch die  Rolle der UNO Organisation, der Internationalen Atomenergiebeh\u00f6rde  IAEO  muss reformiert werden. Der Einfluss des Atomf\u00f6rdervereins EURATOM kann  und muss gering gehalten werden. Die Abschaffung von EURATOM muss  angestrebt werden! Aktuell ist auf EU Ebene die Frage der Atomhaftung,  denn Atomkra  ftwerke   sind eklatant unterversichert und die Sch\u00e4den eines atomaren SuperGAUs  werden auf die Allgemeinheit abgew\u00e4lzt! Und last but not least: erst  eine konsequente Stromkennzeichnung auch au\u00dferhalb \u00d6sterreichs wird den  Atomstromimporten einen Riegel vorschieben. Denn solange am  internationalen Markt s\u00e4ubernde Zertifikate entkoppelt von der  Kilowattstunde Energie aus beliebigen Quellen gekauft werden darf, kann  von \u0084Sauberer Stromkennzeichnung\u0093 ehrlicherweise nicht die Rede sein!\u0093,  so die Vertreter des Netzwerkes abschlie\u00dfend.<\/p>\n<p>Weitere Informationen:<br \/>\nRoland Egger atomstopp_oberoesterreich +43 680 23 93 019<br \/>\nMaria Urban Wiener Plattform Atomkraftfrei +43 1 86 599 39<br \/>\nPatricia Lorenz GLOBAL 2000 +43 676 644 64 254<\/p>\n<p>Hinweis:<br \/>\nDas  \u00d6sterreichische Netzwerk Atomkraftfrei ist ein loser Zusammenschluss  von Antiatom-Organisationen aus ganz \u00d6sterreich, u.a. engagieren sich  dabei: Vorarlberger Plattform gegen Atomgefahren, Arbeitsgemeinschaft  f\u00fcr eine at  omkraftf  reie Zukunft afaz (Tirol), Salzburger Plattform gegen Atomgefahren  PLAGE, atomstopp_oberoesterreich, Seneca, ISAD, Anti Atom Komitee,  Begegnungszentrum f\u00fcr aktive Gewaltlosigkeit Bad Ischl,  Nieder\u00f6sterreichische Plattform gegen Atomkraft, Wiener Plattform  Atomkraftfrei, sowie GLOBAL 2000 und Greenpeace.<\/p>\n","protected":false},"excerpt":{"rendered":"<p>Am Vortag des 35. Jahrestages der Zwentendorf-Volksabstimmung appellierten Vertreter_innen des \u00d6sterreichischen Netzwerkes Atomkraftfrei vor dem Parlament mit einer Fotoaktion an die Koalitionsverhandler von SP\u00d6 und \u00d6VP bei ihrem Regierungsprogramm auch europ\u00e4isch zu denken und Ma\u00dfnahmen und Initiativen zu planen, die &hellip; <a href=\"https:\/\/www.muettergegenatomgefahr.at\/?p=763\">Weiterlesen <span class=\"meta-nav\">&rarr;<\/span><\/a><\/p>\n","protected":false},"author":2,"featured_media":764,"comment_status":"open","ping_status":"open","sticky":false,"template":"","format":"standard","meta":{"footnotes":""},"categories":[1],"tags":[],"class_list":["post-763","post","type-post","status-publish","format-standard","has-post-thumbnail","hentry","category-allgemein"],"_links":{"self":[{"href":"https:\/\/www.muettergegenatomgefahr.at\/index.php?rest_route=\/wp\/v2\/posts\/763","targetHints":{"allow":["GET"]}}],"collection":[{"href":"https:\/\/www.muettergegenatomgefahr.at\/index.php?rest_route=\/wp\/v2\/posts"}],"about":[{"href":"https:\/\/www.muettergegenatomgefahr.at\/index.php?rest_route=\/wp\/v2\/types\/post"}],"author":[{"embeddable":true,"href":"https:\/\/www.muettergegenatomgefahr.at\/index.php?rest_route=\/wp\/v2\/users\/2"}],"replies":[{"embeddable":true,"href":"https:\/\/www.muettergegenatomgefahr.at\/index.php?rest_route=%2Fwp%2Fv2%2Fcomments&post=763"}],"version-history":[{"count":2,"href":"https:\/\/www.muettergegenatomgefahr.at\/index.php?rest_route=\/wp\/v2\/posts\/763\/revisions"}],"predecessor-version":[{"id":766,"href":"https:\/\/www.muettergegenatomgefahr.at\/index.php?rest_route=\/wp\/v2\/posts\/763\/revisions\/766"}],"wp:featuredmedia":[{"embeddable":true,"href":"https:\/\/www.muettergegenatomgefahr.at\/index.php?rest_route=\/wp\/v2\/media\/764"}],"wp:attachment":[{"href":"https:\/\/www.muettergegenatomgefahr.at\/index.php?rest_route=%2Fwp%2Fv2%2Fmedia&parent=763"}],"wp:term":[{"taxonomy":"category","embeddable":true,"href":"https:\/\/www.muettergegenatomgefahr.at\/index.php?rest_route=%2Fwp%2Fv2%2Fcategories&post=763"},{"taxonomy":"post_tag","embeddable":true,"href":"https:\/\/www.muettergegenatomgefahr.at\/index.php?rest_route=%2Fwp%2Fv2%2Ftags&post=763"}],"curies":[{"name":"wp","href":"https:\/\/api.w.org\/{rel}","templated":true}]}}