{"id":770,"date":"2013-11-27T16:21:09","date_gmt":"2013-11-27T14:21:09","guid":{"rendered":"http:\/\/www.muettergegenatomgefahr.at\/?p=770"},"modified":"2013-11-27T16:21:09","modified_gmt":"2013-11-27T14:21:09","slug":"atomstopp-temelin-ausbau-in-tschechien-umstritten-und-melker-abkommen-immer-noch-nicht-erfullt","status":"publish","type":"post","link":"https:\/\/www.muettergegenatomgefahr.at\/?p=770","title":{"rendered":"atomstopp: Temelin-Ausbau in Tschechien umstritten und Melker Abkommen immer noch nicht erf\u00fcllt!"},"content":{"rendered":"<p><em>Tschechische Botschafter in \u00d6sterreich verbreitet Zweckoptimismus der Atomlobby<\/em><\/p>\n<p>\u201eMit gro\u00dfer Verwunderung haben wir die Aussagen des tschechischen Botschafters in \u00d6sterreich \u2013 Jan Sechter \u2013 vernommen, dass der Ausbau Temelins in Tschechien nicht zur Debatte stehen w\u00fcrde. Jan Sechter \u00fcbt sich damit im Zweckoptimismus f\u00fcr die Atomlobby und negiert offenbar, dass die Wirtschaftlichkeit des Temelin-Ausbaus \u2013 gerade auch in Tschechien &#8211; heftigst umstritten ist. Klarheit herrscht offenbar nun auch in Tschechien, dass ohne massive staatliche, \u00fcber die gesamte Laufzeit der neuen Atomreaktoren zu gew\u00e4hrende Subventionen, die Investition nicht darstellbar ist! Es gibt auch gen\u00fcgend Stimmen in Tschechien, die darauf hinweisen, dass schon jetzt mehr als die Jahresproduktion des AKW Temelin exportiert wird! Wozu also in Atomkraft investieren, wenn der Strom in Tschechien gar nicht gebraucht wird und dessen Vertrieb an der europ\u00e4ischen Stromb\u00f6rse mit aberwitzigen Summen an tschechischen Steuergeldern gest\u00fctzt werden muss?\u201c, so Roland Egger und Gabriele Schweiger, Sprecher von atomstopp_oberoesterreich.<\/p>\n<p>\u201eDass der neue tschechische Botschafter in \u00d6sterreich der Meinung ist, das Melker Abkommen habe eine Basis des Vertrauens geschaffen irritiert: Auch mehr als 10 Jahre nach Unterzeichnung des Melker Abkommens sind immer noch Punkte unerledigt. Gerade in der Frage der Erdbebengef\u00e4hrdung des Standortes Temelin gibt es gravierende Auffassungsunterschiede zwischen internationalen und tschechischen Experten. Dem tschechischen Botschafter ist es offenbar auch nicht gel\u00e4ufig, dass entgegen dem Melker Abkommen bedeutsame Zwischenf\u00e4lle im AKW Temelin nicht innerhalb der vereinbarten 72-Stunden-Frist mitgeteilt wurden.\u201c, so Egger und Schweiger weiter.<\/p>\n<p>\u201eWir werden beim tschechischen Botschafter um einen pers\u00f6nlichen Termin ansuchen und ihm Informationsmaterial und Dokumentationen zum Melker Abkommen einschlie\u00dflich der einschl\u00e4gigen tschechischen Medienberichte \u00fcbergeben, damit er sich ein vollst\u00e4ndiges Bild \u00fcber den Ausbau Temelins und das Melker Abkommen machen kann.\u201c, so Egger und Schweiger abschlie\u00dfend.<\/p>\n<p>Weitere Informationen:<br \/>\nRoland Egger + 43 680 23 93 019<br \/>\nGabriele Schweiger + 43 680 33 33 625<\/p>\n","protected":false},"excerpt":{"rendered":"<p>Tschechische Botschafter in \u00d6sterreich verbreitet Zweckoptimismus der Atomlobby \u201eMit gro\u00dfer Verwunderung haben wir die Aussagen des tschechischen Botschafters in \u00d6sterreich \u2013 Jan Sechter \u2013 vernommen, dass der Ausbau Temelins in Tschechien nicht zur Debatte stehen w\u00fcrde. Jan Sechter \u00fcbt sich &hellip; <a href=\"https:\/\/www.muettergegenatomgefahr.at\/?p=770\">Weiterlesen <span class=\"meta-nav\">&rarr;<\/span><\/a><\/p>\n","protected":false},"author":2,"featured_media":0,"comment_status":"open","ping_status":"open","sticky":false,"template":"","format":"standard","meta":{"footnotes":""},"categories":[1],"tags":[],"class_list":["post-770","post","type-post","status-publish","format-standard","hentry","category-allgemein"],"_links":{"self":[{"href":"https:\/\/www.muettergegenatomgefahr.at\/index.php?rest_route=\/wp\/v2\/posts\/770","targetHints":{"allow":["GET"]}}],"collection":[{"href":"https:\/\/www.muettergegenatomgefahr.at\/index.php?rest_route=\/wp\/v2\/posts"}],"about":[{"href":"https:\/\/www.muettergegenatomgefahr.at\/index.php?rest_route=\/wp\/v2\/types\/post"}],"author":[{"embeddable":true,"href":"https:\/\/www.muettergegenatomgefahr.at\/index.php?rest_route=\/wp\/v2\/users\/2"}],"replies":[{"embeddable":true,"href":"https:\/\/www.muettergegenatomgefahr.at\/index.php?rest_route=%2Fwp%2Fv2%2Fcomments&post=770"}],"version-history":[{"count":1,"href":"https:\/\/www.muettergegenatomgefahr.at\/index.php?rest_route=\/wp\/v2\/posts\/770\/revisions"}],"predecessor-version":[{"id":771,"href":"https:\/\/www.muettergegenatomgefahr.at\/index.php?rest_route=\/wp\/v2\/posts\/770\/revisions\/771"}],"wp:attachment":[{"href":"https:\/\/www.muettergegenatomgefahr.at\/index.php?rest_route=%2Fwp%2Fv2%2Fmedia&parent=770"}],"wp:term":[{"taxonomy":"category","embeddable":true,"href":"https:\/\/www.muettergegenatomgefahr.at\/index.php?rest_route=%2Fwp%2Fv2%2Fcategories&post=770"},{"taxonomy":"post_tag","embeddable":true,"href":"https:\/\/www.muettergegenatomgefahr.at\/index.php?rest_route=%2Fwp%2Fv2%2Ftags&post=770"}],"curies":[{"name":"wp","href":"https:\/\/api.w.org\/{rel}","templated":true}]}}