{"id":772,"date":"2013-12-02T15:05:13","date_gmt":"2013-12-02T13:05:13","guid":{"rendered":"http:\/\/www.muettergegenatomgefahr.at\/?p=772"},"modified":"2013-12-02T15:19:53","modified_gmt":"2013-12-02T13:19:53","slug":"atomstopp-initiativen-fur-europaischen-atomausstieg-im-entwurf-des-spovp-koalitionsabkommens-fehlanzeige","status":"publish","type":"post","link":"https:\/\/www.muettergegenatomgefahr.at\/?p=772","title":{"rendered":"atomstopp: Initiativen f\u00fcr Europ\u00e4ischen Atomausstieg im Entwurf des SP\u00d6VP-Koalitionsabkommens? FEHLANZEIGE."},"content":{"rendered":"<p><strong class=\"head\"> <\/strong><em>Achtung: \u0084Low Carbon\u0093 ist nach Verst\u00e4ndnis der EU-Kommission auch die Atomenergie<strong class=\"news_untertitel\"><\/strong><\/em><strong class=\"head\"><\/strong><strong class=\"news_untertitel\"> <\/strong> <strong class=\"news_text\" style=\"min-height: 150px;\"><\/strong><\/p>\n<p>\u0084Schwer  entt\u00e4uscht muss leider festgestellt werden, dass einer k\u00fcnftigen  SP\u00d6-\u00d6VP-Regierung Initiativen f\u00fcr einen Europ\u00e4ischen Atomausstieg keine  Zeile im Entwurf des Koalitionsabkommens wert ist.  Auch die Rolle von  EURATOM als Atomf\u00f6rderverein wird im aktuellen Entwurf nicht  andiskutiert. Bedauerlich und kurzsichtig!\u0093, so die Einsch\u00e4tzung von  Roland Egger und Gabriele Schweiger, Sprecher von  atomstopp_oberoesterreich.<\/p>\n<p>\u0084Das Regierungsprogramm 2008 \u0096 2013  hat noch klar festgehalten, dass die Bundesregierung ihr Bem\u00fchungen im  Hinblick auf eine Reform des EURATOM-Vertrages fortsetzen, insbesondere  den F\u00f6rderzweck zu eliminieren, den Schutzzweck auszubauen, einen fairen  Wettbewerb d  er Energ  ietr\u00e4ger herzustellen und die Entscheidungsprozesse zu demokratisieren,  anstrebt. Von all dem findet sich nun keine Silbe mehr.\u0093, so Egger und  Schweiger weiter.<\/p>\n<p>\u0084Wer den europaweiten Atomausstieg will, wird  um die Frage von EURATOM nicht herumkommen. Der Einsatz gegen grenznahe  AKW ist selbstverst\u00e4ndlich Aufgabe der Bundesregierung, greift aber in  der grunds\u00e4tzlichen Bedrohung durch die Atomkraft viel zu wenig weit.  Bedauerlich ist auch, dass das Melker Abkommen und Behebung der offenen  Sicherheitsfragen aus dem Regierungsabkommen fliegen! Von einer  100%-Umsetzung der Zusagen aus dem Jahr 2001 ist Tschechien  bekannterma\u00dfen noch entfernt.\u0093, so Egger und Schweiger.<\/p>\n<p>Ersch\u00fcttert  sind die Sprecher von atomstopp_oberoesterreich aber auch \u00fcber  unbedarfte Gedankenlosigkeit, weil sich im Kapitel Energiezukunft  \u00d6sterreich \u0096 Punkt 5: Europ\u00e4ische Energiepolitik\/Wettbewerb der Passus  findet, dass die Entwicklung von Low Carbon Technologien in  energieintensiven Indu  strien f  orciert werden soll. \u0084Low Carbon ist in der Diktion der EU-Kommission  auch die Atomenergie! Hier muss unbedingt erg\u00e4nzt werden, dass Low  Carbon die Atomenergie dezidiert ausschlie\u00dft! Keine Ans\u00e4tze f\u00fcr einen  Europ\u00e4ischen Atomausstieg zu verfolgen und Low Carbon g\u00e4nzlich  unrelativiert in ein Regierungsprogramm zu schreiben, ist an  Ambitionslosigkeit kaum zu \u00fcbertreffen und muss deshalb unbedingt  korrigiert werden!\u0093, so Egger und Schweiger abschlie\u00dfend.<\/p>\n<p>Weitere Informationen:<br \/>\nRoland Egger + 43 680 23 93 019<br \/>\nGabriele Schweiger + 43 680 33 33 625<strong><br \/>\n<\/strong><\/p>\n","protected":false},"excerpt":{"rendered":"<p>Achtung: \u0084Low Carbon\u0093 ist nach Verst\u00e4ndnis der EU-Kommission auch die Atomenergie \u0084Schwer entt\u00e4uscht muss leider festgestellt werden, dass einer k\u00fcnftigen SP\u00d6-\u00d6VP-Regierung Initiativen f\u00fcr einen Europ\u00e4ischen Atomausstieg keine Zeile im Entwurf des Koalitionsabkommens wert ist. Auch die Rolle von EURATOM als &hellip; <a href=\"https:\/\/www.muettergegenatomgefahr.at\/?p=772\">Weiterlesen <span class=\"meta-nav\">&rarr;<\/span><\/a><\/p>\n","protected":false},"author":2,"featured_media":0,"comment_status":"open","ping_status":"open","sticky":false,"template":"","format":"standard","meta":{"footnotes":""},"categories":[1],"tags":[],"class_list":["post-772","post","type-post","status-publish","format-standard","hentry","category-allgemein"],"_links":{"self":[{"href":"https:\/\/www.muettergegenatomgefahr.at\/index.php?rest_route=\/wp\/v2\/posts\/772","targetHints":{"allow":["GET"]}}],"collection":[{"href":"https:\/\/www.muettergegenatomgefahr.at\/index.php?rest_route=\/wp\/v2\/posts"}],"about":[{"href":"https:\/\/www.muettergegenatomgefahr.at\/index.php?rest_route=\/wp\/v2\/types\/post"}],"author":[{"embeddable":true,"href":"https:\/\/www.muettergegenatomgefahr.at\/index.php?rest_route=\/wp\/v2\/users\/2"}],"replies":[{"embeddable":true,"href":"https:\/\/www.muettergegenatomgefahr.at\/index.php?rest_route=%2Fwp%2Fv2%2Fcomments&post=772"}],"version-history":[{"count":4,"href":"https:\/\/www.muettergegenatomgefahr.at\/index.php?rest_route=\/wp\/v2\/posts\/772\/revisions"}],"predecessor-version":[{"id":775,"href":"https:\/\/www.muettergegenatomgefahr.at\/index.php?rest_route=\/wp\/v2\/posts\/772\/revisions\/775"}],"wp:attachment":[{"href":"https:\/\/www.muettergegenatomgefahr.at\/index.php?rest_route=%2Fwp%2Fv2%2Fmedia&parent=772"}],"wp:term":[{"taxonomy":"category","embeddable":true,"href":"https:\/\/www.muettergegenatomgefahr.at\/index.php?rest_route=%2Fwp%2Fv2%2Fcategories&post=772"},{"taxonomy":"post_tag","embeddable":true,"href":"https:\/\/www.muettergegenatomgefahr.at\/index.php?rest_route=%2Fwp%2Fv2%2Ftags&post=772"}],"curies":[{"name":"wp","href":"https:\/\/api.w.org\/{rel}","templated":true}]}}