{"id":793,"date":"2014-01-13T11:30:36","date_gmt":"2014-01-13T09:30:36","guid":{"rendered":"http:\/\/www.muettergegenatomgefahr.at\/?p=793"},"modified":"2014-01-13T11:30:36","modified_gmt":"2014-01-13T09:30:36","slug":"atomstopp-setzt-bei-linz-marathon-ein-zeichen-fur-den-europaweiten-atomausstieg","status":"publish","type":"post","link":"https:\/\/www.muettergegenatomgefahr.at\/?p=793","title":{"rendered":"atomstopp setzt bei Linz-Marathon ein Zeichen f\u00fcr den europaweiten Atomausstieg!"},"content":{"rendered":"<p><em>40 Anmeldungen f\u00fcr die Laufbewerbe am 6. April bereits jetzt!<\/em><\/p>\n<p>\u201eWir sind sehr erfreut, dass der Verein atomstopp beim heurigen Linz-Marathon ein kr\u00e4ftiges Zeichen f\u00fcr den europaweiten Atomausstieg setzen wird! Zum ersten Anmeldetermin k\u00f6nnen bereits 40 atomstopp_L\u00e4ufer_innen f\u00fcr die Laufbewerbe am 6. April fix registriert werden!\u201c, so Roland Egger und Gabriele Schweiger, Sprecher von atomstopp_oberoesterreich.   \u201eWir werden unter dem Motto laufen: atomstopp \u2013 Ja bitte! \u2013 F\u00fcr den europaweiten Atomausstieg! Wie in den Jahren zuvor, werden die L\u00e4ufer_innen die letzten Meter ins Ziel mit Fahne absolvieren!\u201c, so Egger und Schweiger weiter.<\/p>\n<p><a href=\"http:\/\/www.muettergegenatomgefahr.at\/wp-content\/uploads\/news_image.jpg\"><img loading=\"lazy\" decoding=\"async\" class=\"alignleft size-medium wp-image-794\" title=\"news_image\" src=\"http:\/\/www.muettergegenatomgefahr.at\/wp-content\/uploads\/news_image-300x200.jpg\" alt=\"\" width=\"342\" height=\"228\" srcset=\"https:\/\/www.muettergegenatomgefahr.at\/wp-content\/uploads\/news_image-300x200.jpg 300w, https:\/\/www.muettergegenatomgefahr.at\/wp-content\/uploads\/news_image-1024x682.jpg 1024w, https:\/\/www.muettergegenatomgefahr.at\/wp-content\/uploads\/news_image.jpg 1200w\" sizes=\"auto, (max-width: 342px) 100vw, 342px\" \/><\/a>Im heurigen Jahr stehen wichtige Atomentscheidungen an: die EU-Kommission pr\u00fcft zur Zeit, ob die Milliardensubventionen f\u00fcr den Neubau eines Atomreaktors in Gro\u00dfbritannien aus Wettbewerbsgr\u00fcnden \u00fcberhaupt zul\u00e4ssig sind. Mit dieser Entscheidung in Br\u00fcssel steht und f\u00e4llt auch in Tschechien der Ausbau von Temelin, denn ohne Milliardensubventionen ist jede weitere Investition in die Atomkraft unrentabel! Weiters hat die EU-Kommission einen Vorschlag f\u00fcr eine Haftpflichtversicherung f\u00fcr Atomreaktoren in Begutachtung gestellt \u2013 leider aber mit einer v\u00f6llig unzul\u00e4nglichen Summe von einer Milliarde Euro! Bei einem SuperGAU ist jedoch mit einem finanziellen Schaden von mindestens 400 Milliarden Euro zu rechnen. Hier gilt es, durch massive \u00f6ffentliche Aufmerksamkeit eine entscheidende Korrektur zu erzwingen!<\/p>\n<p>\u201eAlle, die gemeinsam mit atomstopp ein Zeichen f\u00fcr den europaweiten Atomausstieg setzen wollen, sind herzlich eingeladen: Interessent_innen melden sich bitte unter!\u201c, so Egger und Schweiger abschlie\u00dfend.<\/p>\n<p>Weitere Informationen:<br \/>\nRoland Egger+ 43 680 23 93 019<br \/>\nGabriele Schweiger + 43 680 33 33 625<\/p>\n","protected":false},"excerpt":{"rendered":"<p>40 Anmeldungen f\u00fcr die Laufbewerbe am 6. April bereits jetzt! \u201eWir sind sehr erfreut, dass der Verein atomstopp beim heurigen Linz-Marathon ein kr\u00e4ftiges Zeichen f\u00fcr den europaweiten Atomausstieg setzen wird! Zum ersten Anmeldetermin k\u00f6nnen bereits 40 atomstopp_L\u00e4ufer_innen f\u00fcr die Laufbewerbe &hellip; <a href=\"https:\/\/www.muettergegenatomgefahr.at\/?p=793\">Weiterlesen <span class=\"meta-nav\">&rarr;<\/span><\/a><\/p>\n","protected":false},"author":2,"featured_media":0,"comment_status":"open","ping_status":"open","sticky":false,"template":"","format":"standard","meta":{"footnotes":""},"categories":[1],"tags":[],"class_list":["post-793","post","type-post","status-publish","format-standard","hentry","category-allgemein"],"_links":{"self":[{"href":"https:\/\/www.muettergegenatomgefahr.at\/index.php?rest_route=\/wp\/v2\/posts\/793","targetHints":{"allow":["GET"]}}],"collection":[{"href":"https:\/\/www.muettergegenatomgefahr.at\/index.php?rest_route=\/wp\/v2\/posts"}],"about":[{"href":"https:\/\/www.muettergegenatomgefahr.at\/index.php?rest_route=\/wp\/v2\/types\/post"}],"author":[{"embeddable":true,"href":"https:\/\/www.muettergegenatomgefahr.at\/index.php?rest_route=\/wp\/v2\/users\/2"}],"replies":[{"embeddable":true,"href":"https:\/\/www.muettergegenatomgefahr.at\/index.php?rest_route=%2Fwp%2Fv2%2Fcomments&post=793"}],"version-history":[{"count":1,"href":"https:\/\/www.muettergegenatomgefahr.at\/index.php?rest_route=\/wp\/v2\/posts\/793\/revisions"}],"predecessor-version":[{"id":795,"href":"https:\/\/www.muettergegenatomgefahr.at\/index.php?rest_route=\/wp\/v2\/posts\/793\/revisions\/795"}],"wp:attachment":[{"href":"https:\/\/www.muettergegenatomgefahr.at\/index.php?rest_route=%2Fwp%2Fv2%2Fmedia&parent=793"}],"wp:term":[{"taxonomy":"category","embeddable":true,"href":"https:\/\/www.muettergegenatomgefahr.at\/index.php?rest_route=%2Fwp%2Fv2%2Fcategories&post=793"},{"taxonomy":"post_tag","embeddable":true,"href":"https:\/\/www.muettergegenatomgefahr.at\/index.php?rest_route=%2Fwp%2Fv2%2Ftags&post=793"}],"curies":[{"name":"wp","href":"https:\/\/api.w.org\/{rel}","templated":true}]}}