{"id":809,"date":"2014-02-18T15:03:24","date_gmt":"2014-02-18T13:03:24","guid":{"rendered":"http:\/\/www.muettergegenatomgefahr.at\/?p=809"},"modified":"2014-02-18T15:03:24","modified_gmt":"2014-02-18T13:03:24","slug":"atomstopp-atomkraftwerk-temelin-bekommt-morgen-besuch-von-staatsprasident-milos-zeman","status":"publish","type":"post","link":"https:\/\/www.muettergegenatomgefahr.at\/?p=809","title":{"rendered":"atomstopp: Atomkraftwerk Temelin bekommt morgen Besuch von Staatspr\u00e4sident Milos Zeman"},"content":{"rendered":"<p><em>Offene Sicherheitsfragen aus dem Br\u00fcsseler Abkommen m\u00fcssen 100% gel\u00f6st werden <\/em><\/p>\n<p><em> <\/em>\u201eWir gehen davon aus, dass der Zweck des Temelin-Besuchs von  Staatspr\u00e4sident Milos Zeman ist, sich umfassend \u00fcber die  Sicherheitslage im AKW Temelin zu informieren. Es ist n\u00e4mlich  international v\u00f6llig un\u00fcblich, dass die h\u00f6chsten Repr\u00e4sentanten eines  Staates ein Atomkraftwerk \u201ebesuchen\u201c. Und wenn sie das tun, dann nur, um  sich vor Ort \u00fcber die Sicherheitslage zu informieren.\u201c, kommentiert  Roland Egger, Sprecher von atomstopp_oberoesterreich den morgigen  Temelin-Besuch des tschechischen Staatspr\u00e4sidenten Milos Zeman.<\/p>\n<p>Der tschechische Staatspr\u00e4sident Milos Zeman kennt das Atomkraftwerk  Temelin noch aus seiner Zeit als tschechischer Premierminister (1998 \u2013  2002) und als Chefverhandler des Br\u00fcsseler Abkommens (2001) und aller  darin mit \u00d6sterreich getroffenen Vereinbarungen zur umfassenden  Nachr\u00fcstung des AKW Temelin.<\/p>\n<p>\u201eGerade Staatspr\u00e4sident Zeman werden deshalb die immer noch offenen  Sicherheitsfragen aus dem Br\u00fcsseler Abkommen gel\u00e4ufig sein. Insbesondere  steht die Erdbebengef\u00e4hrdung des Standorts seit Jahren im Mittelpunkt  der bilateralen Treffen von internationalen und tschechischen  Experten!\u201c, so Egger weiter.<\/p>\n<p>\u201eWir w\u00fcnschen uns, dass Staatspr\u00e4sident Zeman bei seinem morgigen  Temelin-Besuch klar stellt, dass er eine 100% Umsetzung des von ihm mit  verhandelten Br\u00fcsseler Abkommens \u2013 ganz im Sinne der vertrauensvollen  Beziehung zu \u00d6sterreich \u2013 unterst\u00fctzt! Dass auch nach mehr als einem  Jahrzehnt nach der Unterzeichnung des Abkommens immer noch offene  Sicherheitsfragen diskutiert werden und immer noch nicht l\u00fcckenlos  umgesetzt wurden, wird ihm gewiss selber ein Dorn im Auge sein.\u201c, so  Egger abschlie\u00dfend.<\/p>\n<p>Weitere Informationen:<br \/>\nRoland Egger + 43 680 23 93 019<\/p>\n","protected":false},"excerpt":{"rendered":"<p>Offene Sicherheitsfragen aus dem Br\u00fcsseler Abkommen m\u00fcssen 100% gel\u00f6st werden \u201eWir gehen davon aus, dass der Zweck des Temelin-Besuchs von Staatspr\u00e4sident Milos Zeman ist, sich umfassend \u00fcber die Sicherheitslage im AKW Temelin zu informieren. Es ist n\u00e4mlich international v\u00f6llig un\u00fcblich, &hellip; <a href=\"https:\/\/www.muettergegenatomgefahr.at\/?p=809\">Weiterlesen <span class=\"meta-nav\">&rarr;<\/span><\/a><\/p>\n","protected":false},"author":2,"featured_media":0,"comment_status":"open","ping_status":"open","sticky":false,"template":"","format":"standard","meta":{"footnotes":""},"categories":[1],"tags":[],"class_list":["post-809","post","type-post","status-publish","format-standard","hentry","category-allgemein"],"_links":{"self":[{"href":"https:\/\/www.muettergegenatomgefahr.at\/index.php?rest_route=\/wp\/v2\/posts\/809","targetHints":{"allow":["GET"]}}],"collection":[{"href":"https:\/\/www.muettergegenatomgefahr.at\/index.php?rest_route=\/wp\/v2\/posts"}],"about":[{"href":"https:\/\/www.muettergegenatomgefahr.at\/index.php?rest_route=\/wp\/v2\/types\/post"}],"author":[{"embeddable":true,"href":"https:\/\/www.muettergegenatomgefahr.at\/index.php?rest_route=\/wp\/v2\/users\/2"}],"replies":[{"embeddable":true,"href":"https:\/\/www.muettergegenatomgefahr.at\/index.php?rest_route=%2Fwp%2Fv2%2Fcomments&post=809"}],"version-history":[{"count":1,"href":"https:\/\/www.muettergegenatomgefahr.at\/index.php?rest_route=\/wp\/v2\/posts\/809\/revisions"}],"predecessor-version":[{"id":810,"href":"https:\/\/www.muettergegenatomgefahr.at\/index.php?rest_route=\/wp\/v2\/posts\/809\/revisions\/810"}],"wp:attachment":[{"href":"https:\/\/www.muettergegenatomgefahr.at\/index.php?rest_route=%2Fwp%2Fv2%2Fmedia&parent=809"}],"wp:term":[{"taxonomy":"category","embeddable":true,"href":"https:\/\/www.muettergegenatomgefahr.at\/index.php?rest_route=%2Fwp%2Fv2%2Fcategories&post=809"},{"taxonomy":"post_tag","embeddable":true,"href":"https:\/\/www.muettergegenatomgefahr.at\/index.php?rest_route=%2Fwp%2Fv2%2Ftags&post=809"}],"curies":[{"name":"wp","href":"https:\/\/api.w.org\/{rel}","templated":true}]}}