{"id":837,"date":"2014-04-10T13:12:13","date_gmt":"2014-04-10T11:12:13","guid":{"rendered":"http:\/\/www.muettergegenatomgefahr.at\/?p=837"},"modified":"2014-04-10T13:12:13","modified_gmt":"2014-04-10T11:12:13","slug":"atomstopp-grosbritannien-mit-vorstos-fur-atomsubvention-isoliert","status":"publish","type":"post","link":"https:\/\/www.muettergegenatomgefahr.at\/?p=837","title":{"rendered":"atomstopp: Gro\u00dfbritannien mit Vorsto\u00df f\u00fcr Atomsubvention isoliert!"},"content":{"rendered":"<p><em>Temelin-Ausbau auf unbekannte Zeit vom Tisch<\/em><\/p>\n<p>\u201eMit gro\u00dfer Freude registrieren wir, dass das Ausschreibungsverfahren f\u00fcr den Ausbau von Temelin heute offiziell durch den Atomstromkonzern CEZ beendet wurde! Nachdem gestern die tschechische Regierung klar gemacht hat, dass es keine staatliche Subventionen f\u00fcr den Ausbau geben wird, folgte heute die logische Konsequenz: der Ausbau von Temelin ist vorerst abgesagt!\u201c, kommentieren Roland Egger und Gabriele Schweiger die guten Nachrichten aus Tschechien.<\/p>\n<p>\u201eMit diesem eindeutigen Bekenntnis der tschechischen Regierung, staatliche Subventionen f\u00fcr Atomstrom nicht genehmigen zu wollen, steht Gro\u00dfbritannien nun v\u00f6llig isoliert innerhalb der Europ\u00e4ischen Union. Wir sind \u00fcberzeugt, dass die Prager Entscheidung Auswirkungen auf das Pr\u00fcfverfahren der EU-Kommission zu\u00a0 den von\u00a0 Gro\u00dfbritannien \u00fcberlegten Atomsubventionen haben wird! Es war ja keine willk\u00fcrliche Entscheidung, die zu einem Nein zu Strompreisgarantien gef\u00fchrt hat, sondern fundierte, volkswirtschaftlich orientierte \u00dcberlegungen. Das Kabinett Sobotka entlastet somit zweifach: einmal werden die tschechischen B\u00fcrger_innen vor v\u00f6llig \u00fcberzogenen Strompreisen bewahrt und zum anderen st\u00e4rkt es damit der Europ\u00e4ischen Kommission den R\u00fccken, sich gegen das Ansuchen aus Gro\u00dfbritannien auf Umgehung des Wettbewerbsrechts auszusprechen. Atomkraft rechnet sich nicht, ohne staatliche Unterst\u00fctzung k\u00f6nnen keine Atomkraftwerke mehr gebaut werden. Es ist h\u00f6chst an der Zeit, den atomaren Irrsinn zu beenden! Wir gratulieren der tschechischen Regierung jedenfalls zu ihrem klaren Schritt!\u201c, so Egger und Schweiger abschlie\u00dfend.<\/p>\n<p>Weitere Informationen:<br \/>\nRoland Egger + 43 680 23 93 019<br \/>\nGabriele Schweiger + 43 680 33 33 625<\/p>\n","protected":false},"excerpt":{"rendered":"<p>Temelin-Ausbau auf unbekannte Zeit vom Tisch \u201eMit gro\u00dfer Freude registrieren wir, dass das Ausschreibungsverfahren f\u00fcr den Ausbau von Temelin heute offiziell durch den Atomstromkonzern CEZ beendet wurde! Nachdem gestern die tschechische Regierung klar gemacht hat, dass es keine staatliche Subventionen &hellip; <a href=\"https:\/\/www.muettergegenatomgefahr.at\/?p=837\">Weiterlesen <span class=\"meta-nav\">&rarr;<\/span><\/a><\/p>\n","protected":false},"author":2,"featured_media":0,"comment_status":"open","ping_status":"open","sticky":false,"template":"","format":"standard","meta":{"footnotes":""},"categories":[1],"tags":[],"class_list":["post-837","post","type-post","status-publish","format-standard","hentry","category-allgemein"],"_links":{"self":[{"href":"https:\/\/www.muettergegenatomgefahr.at\/index.php?rest_route=\/wp\/v2\/posts\/837","targetHints":{"allow":["GET"]}}],"collection":[{"href":"https:\/\/www.muettergegenatomgefahr.at\/index.php?rest_route=\/wp\/v2\/posts"}],"about":[{"href":"https:\/\/www.muettergegenatomgefahr.at\/index.php?rest_route=\/wp\/v2\/types\/post"}],"author":[{"embeddable":true,"href":"https:\/\/www.muettergegenatomgefahr.at\/index.php?rest_route=\/wp\/v2\/users\/2"}],"replies":[{"embeddable":true,"href":"https:\/\/www.muettergegenatomgefahr.at\/index.php?rest_route=%2Fwp%2Fv2%2Fcomments&post=837"}],"version-history":[{"count":2,"href":"https:\/\/www.muettergegenatomgefahr.at\/index.php?rest_route=\/wp\/v2\/posts\/837\/revisions"}],"predecessor-version":[{"id":839,"href":"https:\/\/www.muettergegenatomgefahr.at\/index.php?rest_route=\/wp\/v2\/posts\/837\/revisions\/839"}],"wp:attachment":[{"href":"https:\/\/www.muettergegenatomgefahr.at\/index.php?rest_route=%2Fwp%2Fv2%2Fmedia&parent=837"}],"wp:term":[{"taxonomy":"category","embeddable":true,"href":"https:\/\/www.muettergegenatomgefahr.at\/index.php?rest_route=%2Fwp%2Fv2%2Fcategories&post=837"},{"taxonomy":"post_tag","embeddable":true,"href":"https:\/\/www.muettergegenatomgefahr.at\/index.php?rest_route=%2Fwp%2Fv2%2Ftags&post=837"}],"curies":[{"name":"wp","href":"https:\/\/api.w.org\/{rel}","templated":true}]}}