{"id":844,"date":"2014-04-25T10:22:44","date_gmt":"2014-04-25T08:22:44","guid":{"rendered":"http:\/\/www.muettergegenatomgefahr.at\/?p=844"},"modified":"2014-04-25T10:22:44","modified_gmt":"2014-04-25T08:22:44","slug":"atomstopp-tschernobyl-%c2%96-besonders-atomengagierte-europaische-premierminister-wurden-von-atomstopp_aktivist_innen-zum-lokalaugenschein-nach-tschernobyl-eingeladen","status":"publish","type":"post","link":"https:\/\/www.muettergegenatomgefahr.at\/?p=844","title":{"rendered":"atomstopp: TSCHERNOBYL -\u0096 Besonders atomengagierte europ\u00e4ische Premierminister wurden von atomstopp_Aktivist_innen zum Lokalaugenschein nach Tschernobyl eingeladen"},"content":{"rendered":"<p><a href=\"http:\/\/www.muettergegenatomgefahr.at\/?p=840\" target=\"_blank\"><em>Einladung an David Cameron (GB), Viktor Orb\u00e1n (H) und Bohuslav Sobotka (CZ)<\/em><\/a><\/p>\n<p><em><\/em>Aktivist_innen  von atomstopp_oberoesterreich werden Anfang Mai zu einem  Lokalaugenschein nach Tschernobyl reisen. Alleine die Vorbereitung auf  diese Reise l\u00f6st bei den Aktivist_innen bereits Beklemmung aus und  erzeugt ein Gef\u00fchl der Ohnmacht und auch der Wut. Viele bekannte Bilder  vom 28 Jahre zur\u00fcckliegenden Supergau tauchen auf: Bilder, die mit  Zerst\u00f6rung, Flucht, Angst assoziiert werden&#8230;\u0085<\/p>\n<p>\u0084&#8220;Wir denken, die  besonders atomengagierten europ\u00e4ischen Premierminister Cameron, Orb\u00e1n  und Sobotka sollten sich pers\u00f6nlich in Tschernobyl ein Bild vom atomaren  Irrsinn machen und sich \u00fcber die auf weitere hunderte Jahre  unabsehbaren Folgen pers\u00f6nlich informieren. Und dann steht es den Regierungschefs frei, sich  vorzustellen, wie es in Gro\u00dfbritannien, in Ungarn oder in Tschechien  aussehen mag, wenn ein Supergau passiert, die Menschen Hals \u00fcber Kopf  ihre H\u00e4user und Wohnungen verlassen m\u00fcssen, Kinder ihr Spielzeug liegen  lassen und fl\u00fcchten. Fl\u00fcchten vor der t\u00f6dlichen Strahlung. Wer wie  Cameron, Orb\u00e1n oder Sobotka auf Atomkraft setzt, muss sich auch mit dem  schlimmsten aller Szenarien auseinandersetzen! Deshalb nochmals die  Einladung an die Premierminister zum einem Lokalaugenschein nach  Tschernobyl!\u0093&#8220;, so Roland Egger und Gabriele Schweiger, Sprecher von  atomstopp_oberoesterreich.<\/p>\n<p>Weitere Informationen:<br \/>\nRoland Egger + 43 680 23 93 019<br \/>\nGabriele Schweiger + 43 680 33 33 625<\/p>\n","protected":false},"excerpt":{"rendered":"<p>Einladung an David Cameron (GB), Viktor Orb\u00e1n (H) und Bohuslav Sobotka (CZ) Aktivist_innen von atomstopp_oberoesterreich werden Anfang Mai zu einem Lokalaugenschein nach Tschernobyl reisen. Alleine die Vorbereitung auf diese Reise l\u00f6st bei den Aktivist_innen bereits Beklemmung aus und erzeugt ein &hellip; <a href=\"https:\/\/www.muettergegenatomgefahr.at\/?p=844\">Weiterlesen <span class=\"meta-nav\">&rarr;<\/span><\/a><\/p>\n","protected":false},"author":2,"featured_media":0,"comment_status":"open","ping_status":"open","sticky":false,"template":"","format":"standard","meta":{"footnotes":""},"categories":[1],"tags":[],"class_list":["post-844","post","type-post","status-publish","format-standard","hentry","category-allgemein"],"_links":{"self":[{"href":"https:\/\/www.muettergegenatomgefahr.at\/index.php?rest_route=\/wp\/v2\/posts\/844","targetHints":{"allow":["GET"]}}],"collection":[{"href":"https:\/\/www.muettergegenatomgefahr.at\/index.php?rest_route=\/wp\/v2\/posts"}],"about":[{"href":"https:\/\/www.muettergegenatomgefahr.at\/index.php?rest_route=\/wp\/v2\/types\/post"}],"author":[{"embeddable":true,"href":"https:\/\/www.muettergegenatomgefahr.at\/index.php?rest_route=\/wp\/v2\/users\/2"}],"replies":[{"embeddable":true,"href":"https:\/\/www.muettergegenatomgefahr.at\/index.php?rest_route=%2Fwp%2Fv2%2Fcomments&post=844"}],"version-history":[{"count":2,"href":"https:\/\/www.muettergegenatomgefahr.at\/index.php?rest_route=\/wp\/v2\/posts\/844\/revisions"}],"predecessor-version":[{"id":846,"href":"https:\/\/www.muettergegenatomgefahr.at\/index.php?rest_route=\/wp\/v2\/posts\/844\/revisions\/846"}],"wp:attachment":[{"href":"https:\/\/www.muettergegenatomgefahr.at\/index.php?rest_route=%2Fwp%2Fv2%2Fmedia&parent=844"}],"wp:term":[{"taxonomy":"category","embeddable":true,"href":"https:\/\/www.muettergegenatomgefahr.at\/index.php?rest_route=%2Fwp%2Fv2%2Fcategories&post=844"},{"taxonomy":"post_tag","embeddable":true,"href":"https:\/\/www.muettergegenatomgefahr.at\/index.php?rest_route=%2Fwp%2Fv2%2Ftags&post=844"}],"curies":[{"name":"wp","href":"https:\/\/api.w.org\/{rel}","templated":true}]}}