{"id":849,"date":"2014-05-15T11:15:59","date_gmt":"2014-05-15T09:15:59","guid":{"rendered":"http:\/\/www.muettergegenatomgefahr.at\/?p=849"},"modified":"2014-05-15T11:17:53","modified_gmt":"2014-05-15T09:17:53","slug":"atomstopp-3-000-unterstutzer_innen-fur-online-appell-fur-den-europaweiten-atomausstieg","status":"publish","type":"post","link":"https:\/\/www.muettergegenatomgefahr.at\/?p=849","title":{"rendered":"atomstopp: 3.000 Unterst\u00fctzer_innen f\u00fcr ONLINE-Appell &#8211; F\u00fcr den europaweiten Atomausstieg"},"content":{"rendered":"<p><em><a href=\"http:\/\/www.atomkraftfrei-leben.at\/petition.php?id=8\" target=\"_blank\">Appell an EU-Kandidat_innen kann noch bis 25. Mai unter\u00a0\u00a0\u00a0 www.atomstopp.at unterschrieben werden!<\/a><a href=\"http:\/\/www.atomkraftfrei-leben.at\/petition.php?id=8\" target=\"_blank\"><img loading=\"lazy\" decoding=\"async\" class=\"alignright size-medium wp-image-834\" title=\"petition_image\" src=\"http:\/\/www.muettergegenatomgefahr.at\/wp-content\/uploads\/petition_image-300x199.jpg\" alt=\"\" width=\"210\" height=\"139\" srcset=\"https:\/\/www.muettergegenatomgefahr.at\/wp-content\/uploads\/petition_image-300x199.jpg 300w, https:\/\/www.muettergegenatomgefahr.at\/wp-content\/uploads\/petition_image-1024x682.jpg 1024w, https:\/\/www.muettergegenatomgefahr.at\/wp-content\/uploads\/petition_image.jpg 1748w\" sizes=\"auto, (max-width: 210px) 100vw, 210px\" \/><\/a><\/em><strong> <\/strong><\/p>\n<p>&nbsp;<\/p>\n<p>\u201eDer Zeitpunkt,  alle Anstrengungen f\u00fcr einen europaweiten Atomausstieg jetzt zu b\u00fcndeln,  ist sehr g\u00fcnstig: Die Atomindustrie ist europaweit in Bedr\u00e4ngnis und  nur \u00fcber massive \u00f6ffentliche St\u00fctzungen \u00fcberhaupt noch f\u00e4hig, weitere  Atomreaktoren zu bauen! Temelin-Ausbau? Abgesagt wegen  Unfinanzierbarkeit des Projekts! AKW-Ausbau in Gro\u00dfbritannien? Nur mit  wettbewerbsrechtlich h\u00f6chst umstrittenen F\u00f6rderungen! AKW-Ausbau in  Ungarn? Nur mit fragw\u00fcrdigen Krediten aus Russland!\u201c, so Roland Egger  und Gabriele Schweiger, Sprecher von atomstopp_oberoesterreich.<\/p>\n<p>\u201eWann, wenn nicht jetzt, m\u00fcssen sich die EU-Abgeordneten f\u00fcr den  europaweiten Atomausstieg einsetzen! Manche verstecken sich hinter der  Ausrede, dass Energiepolitik ja Sache der einzelnen Mitgliedstaaten sei  und man \u201eleider\u201c nichts machen k\u00f6nne &#8230; Wir meinen,  Parlamentarier_innen, die sich so aus der Verantwortung zu ziehen  versuchen, werten selber die Position des Europ\u00e4ischen Parlaments  vorauseilend und v\u00f6llig zu Unrecht ab! Sich einzumischen und vehement  gegen den atomaren Wahnsinn aufzutreten: nicht weniger als das erwarten  wir uns von den \u00f6sterreichischen Kandidat_innen zum EU-Parlament.\u201c, so  Egger und Schweiger weiter.<br \/>\n<a href=\"http:\/\/www.atomkraftfrei-leben.at\/petition.php?id=8\" target=\"_blank\"><br \/>\n3.000 Unterst\u00fctzer_innen hat der ONLINE-Appell an die  EU-Kandidat_innen bislang. Bis zum Tag der Wahl zum Europ\u00e4ischen  Parlament am 25. Mai kann der Appell noch unterschrieben werden. <\/a><\/p>\n<p>Der Appell sieht folgende Punkte vor: Nutzen Sie Ihre Position im  EU-Parlament und zeigen Sie mit aktiver Politik: Atomenergie ist ein  Auslaufmodell! Bek\u00e4mpfen Sie entschieden die Freigabe von  Atomsubventionen f\u00fcr den Neubau und die Laufzeitverl\u00e4ngerung von  Atomreaktoren! Verlangen Sie, dass AKW-Betreiber umfassend f\u00fcr jeden  potenziellen Schaden haftbar und entsprechend versichert sein m\u00fcssen!  Fordern Sie mit Vehemenz, dass der EURATOM-Vertrag aufgel\u00f6st werden  muss!<\/p>\n<p>\u201eWir verlangen klare, unmissverst\u00e4ndliche Positionen und konkrete  Taten der EU-Kandidat_innen f\u00fcr den europaweiten Atomausstieg \u2013 das  erwarten sich die \u00d6sterreicher_innen von ihren Politiker_innen!\u201c, so  Egger und Schweiger abschlie\u00dfend.<\/p>\n<p>Weitere Informationen:<br \/>\nRoland Egger + 43 680 23 93 019<br \/>\nGabriele Schweiger + 43 680 33 33 625<\/p>\n","protected":false},"excerpt":{"rendered":"<p>Appell an EU-Kandidat_innen kann noch bis 25. Mai unter\u00a0\u00a0\u00a0 www.atomstopp.at unterschrieben werden! &nbsp; \u201eDer Zeitpunkt, alle Anstrengungen f\u00fcr einen europaweiten Atomausstieg jetzt zu b\u00fcndeln, ist sehr g\u00fcnstig: Die Atomindustrie ist europaweit in Bedr\u00e4ngnis und nur \u00fcber massive \u00f6ffentliche St\u00fctzungen \u00fcberhaupt &hellip; <a href=\"https:\/\/www.muettergegenatomgefahr.at\/?p=849\">Weiterlesen <span class=\"meta-nav\">&rarr;<\/span><\/a><\/p>\n","protected":false},"author":2,"featured_media":0,"comment_status":"open","ping_status":"open","sticky":false,"template":"","format":"standard","meta":{"footnotes":""},"categories":[1],"tags":[],"class_list":["post-849","post","type-post","status-publish","format-standard","hentry","category-allgemein"],"_links":{"self":[{"href":"https:\/\/www.muettergegenatomgefahr.at\/index.php?rest_route=\/wp\/v2\/posts\/849","targetHints":{"allow":["GET"]}}],"collection":[{"href":"https:\/\/www.muettergegenatomgefahr.at\/index.php?rest_route=\/wp\/v2\/posts"}],"about":[{"href":"https:\/\/www.muettergegenatomgefahr.at\/index.php?rest_route=\/wp\/v2\/types\/post"}],"author":[{"embeddable":true,"href":"https:\/\/www.muettergegenatomgefahr.at\/index.php?rest_route=\/wp\/v2\/users\/2"}],"replies":[{"embeddable":true,"href":"https:\/\/www.muettergegenatomgefahr.at\/index.php?rest_route=%2Fwp%2Fv2%2Fcomments&post=849"}],"version-history":[{"count":3,"href":"https:\/\/www.muettergegenatomgefahr.at\/index.php?rest_route=\/wp\/v2\/posts\/849\/revisions"}],"predecessor-version":[{"id":851,"href":"https:\/\/www.muettergegenatomgefahr.at\/index.php?rest_route=\/wp\/v2\/posts\/849\/revisions\/851"}],"wp:attachment":[{"href":"https:\/\/www.muettergegenatomgefahr.at\/index.php?rest_route=%2Fwp%2Fv2%2Fmedia&parent=849"}],"wp:term":[{"taxonomy":"category","embeddable":true,"href":"https:\/\/www.muettergegenatomgefahr.at\/index.php?rest_route=%2Fwp%2Fv2%2Fcategories&post=849"},{"taxonomy":"post_tag","embeddable":true,"href":"https:\/\/www.muettergegenatomgefahr.at\/index.php?rest_route=%2Fwp%2Fv2%2Ftags&post=849"}],"curies":[{"name":"wp","href":"https:\/\/api.w.org\/{rel}","templated":true}]}}