{"id":857,"date":"2014-06-04T11:15:13","date_gmt":"2014-06-04T09:15:13","guid":{"rendered":"http:\/\/www.muettergegenatomgefahr.at\/?p=857"},"modified":"2014-06-04T11:15:13","modified_gmt":"2014-06-04T09:15:13","slug":"atomstopp-tag-der-umwelt-in-linz-im-zeichen-von-atomstopp","status":"publish","type":"post","link":"https:\/\/www.muettergegenatomgefahr.at\/?p=857","title":{"rendered":"atomstopp: Tag der Umwelt in Linz im Zeichen von atomstopp"},"content":{"rendered":"<p><em>atomstopp_Infostand: Unterzeichnen Sie den Brief an den neuen EU-Kommissionspr\u00e4sidenten f\u00fcr einen europaweiten Atomausstieg!<\/em><\/p>\n<p>\u0084&#8220;Zum  morgigen Tag der Umwelt werden wir in Linz Unterschriften sammeln f\u00fcr  einen Brief an den neuen EU-Kommissionionspr\u00e4sidenten, sich aktiv f\u00fcr  einen europaweiten Atomausstieg einzusetzen!&#8220;\u0093, so Roland Egger und  Gabriele Schweiger, Sprecher von atomstopp_oberoesterreich.<\/p>\n<p><em>Gelegenheit  zum Unterschreiben gibt es beim atomstopp_Infostand am Donnerstag, 5.  Juni, am Taubenmarkt in Linz von 12 Uhr bis 17 Uhr. <\/em><\/p>\n<p>&#8222;\u0084Der neue  EU-Kommissionspr\u00e4sident wird voraussichtlich im Juli gew\u00e4hlt. Bis dahin  werden wir auch bei allen weiteren atomstopp_Events einladen,   Unterschriften unter den Brief an den EU-Kommissionspr\u00e4sidenten zu  setzen. Es muss der zuk\u00fcnftigen Europ\u00e4ischen Kommission klar gemacht werden: die ungeheuerlichen F\u00f6rderungen in Milliarden-Euro-H\u00f6he f\u00fcr die  Atomenergie, die eklatante Unterversicherung von Atomkraftwerken und  dazu die latente Gefahr einer nuklearen Katastrophe in Europa verlangen  eine klare Aussage, n\u00e4mlich den europaweiten Atomausstieg!&#8220;\u0093, so Egger  und Schweiger abschlie\u00dfend.<\/p>\n<p>Weitere Informationen:<br \/>\nRoland Egger + 43 680 23 93 019<br \/>\nGabriele Schweiger + 43 680 33 33 625<\/p>\n","protected":false},"excerpt":{"rendered":"<p>atomstopp_Infostand: Unterzeichnen Sie den Brief an den neuen EU-Kommissionspr\u00e4sidenten f\u00fcr einen europaweiten Atomausstieg! \u0084&#8220;Zum morgigen Tag der Umwelt werden wir in Linz Unterschriften sammeln f\u00fcr einen Brief an den neuen EU-Kommissionionspr\u00e4sidenten, sich aktiv f\u00fcr einen europaweiten Atomausstieg einzusetzen!&#8220;\u0093, so Roland &hellip; <a href=\"https:\/\/www.muettergegenatomgefahr.at\/?p=857\">Weiterlesen <span class=\"meta-nav\">&rarr;<\/span><\/a><\/p>\n","protected":false},"author":2,"featured_media":0,"comment_status":"open","ping_status":"open","sticky":false,"template":"","format":"standard","meta":{"footnotes":""},"categories":[1],"tags":[],"class_list":["post-857","post","type-post","status-publish","format-standard","hentry","category-allgemein"],"_links":{"self":[{"href":"https:\/\/www.muettergegenatomgefahr.at\/index.php?rest_route=\/wp\/v2\/posts\/857","targetHints":{"allow":["GET"]}}],"collection":[{"href":"https:\/\/www.muettergegenatomgefahr.at\/index.php?rest_route=\/wp\/v2\/posts"}],"about":[{"href":"https:\/\/www.muettergegenatomgefahr.at\/index.php?rest_route=\/wp\/v2\/types\/post"}],"author":[{"embeddable":true,"href":"https:\/\/www.muettergegenatomgefahr.at\/index.php?rest_route=\/wp\/v2\/users\/2"}],"replies":[{"embeddable":true,"href":"https:\/\/www.muettergegenatomgefahr.at\/index.php?rest_route=%2Fwp%2Fv2%2Fcomments&post=857"}],"version-history":[{"count":1,"href":"https:\/\/www.muettergegenatomgefahr.at\/index.php?rest_route=\/wp\/v2\/posts\/857\/revisions"}],"predecessor-version":[{"id":858,"href":"https:\/\/www.muettergegenatomgefahr.at\/index.php?rest_route=\/wp\/v2\/posts\/857\/revisions\/858"}],"wp:attachment":[{"href":"https:\/\/www.muettergegenatomgefahr.at\/index.php?rest_route=%2Fwp%2Fv2%2Fmedia&parent=857"}],"wp:term":[{"taxonomy":"category","embeddable":true,"href":"https:\/\/www.muettergegenatomgefahr.at\/index.php?rest_route=%2Fwp%2Fv2%2Fcategories&post=857"},{"taxonomy":"post_tag","embeddable":true,"href":"https:\/\/www.muettergegenatomgefahr.at\/index.php?rest_route=%2Fwp%2Fv2%2Ftags&post=857"}],"curies":[{"name":"wp","href":"https:\/\/api.w.org\/{rel}","templated":true}]}}