{"id":859,"date":"2014-06-10T15:24:07","date_gmt":"2014-06-10T13:24:07","guid":{"rendered":"http:\/\/www.muettergegenatomgefahr.at\/?p=859"},"modified":"2014-06-10T15:24:07","modified_gmt":"2014-06-10T13:24:07","slug":"atomstopp-bekenntnis-zur-windkraft-ist-eine-gute-antwort-auf-die-temelin-ausbauplane","status":"publish","type":"post","link":"https:\/\/www.muettergegenatomgefahr.at\/?p=859","title":{"rendered":"atomstopp: Bekenntnis zur Windkraft ist eine gute Antwort auf die Temelin-Ausbaupl\u00e4ne"},"content":{"rendered":"<p><em>atomstopp_Infostand in Linz, Taubenmarkt am 12. Juni anl\u00e4sslich des Tages des Windes <\/em><\/p>\n<p>&#8222;\u0084Den  verzweifelten Versuchen der tschechischen Atomlobbyisten dem aus  wirtschaftlichen \u00dcberlegungen abgesagten Temelin-Ausbau neues Leben  einzuhauchen, sollte mit einem klaren Bekenntnis zur Windkraft \u0096 gerade  und vor allem aus Ober\u00f6sterreich \u0096 geantwortet werden!&#8220;\u0093, kommentieren  Roland Egger und Gabriele Schweiger, Sprecher von  atomstopp_oberoesterreich die j\u00fcngsten \u00dcberlegungen in Tschechien,  n\u00e4chstes Jahr eine neue Runde eines  Temelin-Dukovany-Ausschreibungsverfahrens zu starten.<\/p>\n<p>&#8222;\u0084Man kommt  sich vor, wie in einem schlechten Zombie-Film: Die Untoten kehren immer  wieder. Manche Politiker_innen in Tschechien wollen sich mit der  wirtschaftlichen Realit\u00e4t einfach nicht abfinden: Atomkraft ist unfinanzierbar.   Die Kosten f\u00fcr Endlagerung auf eine Million Jahre, die Kosten im Falle  eines Supergaus? Das alles tr\u00e4gt sowieso die \u00d6ffentlichkeit! Und  trotzdem wird ein Atomprojekt nach dem anderen aus wirtschaftlichen  \u00dcberlegungen abgesagt: 2013 wurden die Baupl\u00e4ne f\u00fcr ein AKW in  Kaliningrad nach jahrelangen Vorbereitungen abgesagt, ebenso wurden die  Baupl\u00e4ne f\u00fcr ein AKW in Bohunice beendet. Das sollte auch den  tschechischen Politiker_innen zu denken geben!\u0093&#8220;, so Egger und Schweiger  weiter.<\/p>\n<p><em>atomstopp_oberoesterreich wird jedenfalls am kommenden  Donnerstag, 12. Juni schon traditionell anl\u00e4sslich des Tages des Windes  wieder f\u00fcr Windkraft lobbyieren und am Taubenmarkt von 12 Uhr bis 17 Uhr  Informationsmaterial verteilen. Auch Windr\u00e4der zum Basteln f\u00fcr Kinder  wird es geben!<\/em><\/p>\n<p>Weitere Informationen:<br \/>\nRoland Egger + 43 680 23 93 019<br \/>\nGabriele Schweiger + 43 680 33 33 625<\/p>\n","protected":false},"excerpt":{"rendered":"<p>atomstopp_Infostand in Linz, Taubenmarkt am 12. Juni anl\u00e4sslich des Tages des Windes &#8222;\u0084Den verzweifelten Versuchen der tschechischen Atomlobbyisten dem aus wirtschaftlichen \u00dcberlegungen abgesagten Temelin-Ausbau neues Leben einzuhauchen, sollte mit einem klaren Bekenntnis zur Windkraft \u0096 gerade und vor allem aus &hellip; <a href=\"https:\/\/www.muettergegenatomgefahr.at\/?p=859\">Weiterlesen <span class=\"meta-nav\">&rarr;<\/span><\/a><\/p>\n","protected":false},"author":2,"featured_media":0,"comment_status":"open","ping_status":"open","sticky":false,"template":"","format":"standard","meta":{"footnotes":""},"categories":[1],"tags":[],"class_list":["post-859","post","type-post","status-publish","format-standard","hentry","category-allgemein"],"_links":{"self":[{"href":"https:\/\/www.muettergegenatomgefahr.at\/index.php?rest_route=\/wp\/v2\/posts\/859","targetHints":{"allow":["GET"]}}],"collection":[{"href":"https:\/\/www.muettergegenatomgefahr.at\/index.php?rest_route=\/wp\/v2\/posts"}],"about":[{"href":"https:\/\/www.muettergegenatomgefahr.at\/index.php?rest_route=\/wp\/v2\/types\/post"}],"author":[{"embeddable":true,"href":"https:\/\/www.muettergegenatomgefahr.at\/index.php?rest_route=\/wp\/v2\/users\/2"}],"replies":[{"embeddable":true,"href":"https:\/\/www.muettergegenatomgefahr.at\/index.php?rest_route=%2Fwp%2Fv2%2Fcomments&post=859"}],"version-history":[{"count":1,"href":"https:\/\/www.muettergegenatomgefahr.at\/index.php?rest_route=\/wp\/v2\/posts\/859\/revisions"}],"predecessor-version":[{"id":860,"href":"https:\/\/www.muettergegenatomgefahr.at\/index.php?rest_route=\/wp\/v2\/posts\/859\/revisions\/860"}],"wp:attachment":[{"href":"https:\/\/www.muettergegenatomgefahr.at\/index.php?rest_route=%2Fwp%2Fv2%2Fmedia&parent=859"}],"wp:term":[{"taxonomy":"category","embeddable":true,"href":"https:\/\/www.muettergegenatomgefahr.at\/index.php?rest_route=%2Fwp%2Fv2%2Fcategories&post=859"},{"taxonomy":"post_tag","embeddable":true,"href":"https:\/\/www.muettergegenatomgefahr.at\/index.php?rest_route=%2Fwp%2Fv2%2Ftags&post=859"}],"curies":[{"name":"wp","href":"https:\/\/api.w.org\/{rel}","templated":true}]}}