{"id":886,"date":"2014-09-21T14:30:10","date_gmt":"2014-09-21T12:30:10","guid":{"rendered":"http:\/\/www.muettergegenatomgefahr.at\/?p=886"},"modified":"2014-09-21T14:30:10","modified_gmt":"2014-09-21T12:30:10","slug":"atomstopp-on-air-%c2%96-im-freien-radio-freistadt-auf-1031-und-1071-mhz-%c2%96-das-monatliche-informationsmagazin-zum-europaweiten-atomausstieg","status":"publish","type":"post","link":"https:\/\/www.muettergegenatomgefahr.at\/?p=886","title":{"rendered":"atomstopp ON AIR \u0096 im Freien Radio Freistadt auf 103,1 und 107,1 MHz \u0096 das monatliche Informationsmagazin zum europaweiten Atomausstieg!"},"content":{"rendered":"<p><em>Am 23.September um 17 Uhr geht es um die Atomhaftung<\/em><\/p>\n<p>&#8222;\u0084Wir  freuen uns, mit unserer neuen Sendereihe an jedem 4. Dienstag im Monat  um 17h den H\u00f6rerinnen und H\u00f6rern ein weiteres Informationsmagazin bieten  zu k\u00f6nnen.  Zur komplexen Thematik, warum Atomkraft nach wie vor aktiv  bek\u00e4mpft werden muss. Welche M\u00f6glichkeiten wir daf\u00fcr sehen, welche wir  einsetzen und auch zum mitmachen anbieten k\u00f6nnen \u0096 all das und nat\u00fcrlich  viel interessante Hintergrundinfo erwarten euch bei atomstopp_das  monatliche Informationsmagazin im FRF!\u0093&#8220;, so Roland Egger  (atomstopp_atomkraftfrei leben!) und Gabi Schweiger (M\u00fctter gegen  Atomgefahr).<\/p>\n<p>Gestartet wurde am 1. September mit dem  Schwerpunktthema Endlagerung von Atomm\u00fcll. Bei der Sendung am 23.9 geht  es um die   Atomhaft  ung und l\u00e4ngst \u00fcberf\u00e4llige Haftpflichtversicherung f\u00fcr Atomkraftwerke.  Wiederholt wird die Ausgabe am Freitag, 26.9. um 10h und am Sonntag,  28.9. um 14h. Weiters k\u00f6nnen alle Sendungen im Internet nachgeh\u00f6rt  werden, auf der homepage des Freien Radio Freistadt, <a href=\"http:\/\/www.frf.at\/index.php\" target=\"_blank\">www.frf.at<\/a> ist der  link unter -&gt; <a href=\"http:\/\/cba.fro.at\/series\/atomstopp\" target=\"_blank\">Archiv: zum Nachh\u00f6ren -&gt; atomstopp<\/a> leicht zu finden.<\/p>\n<p>&#8222;Das  Informationsmagazin soll keine Einbahnstra\u00dfe bleiben: \u0084Wir freuen uns  auf R\u00fcckmeldungen, sind offen f\u00fcr Fragen und Anregungen! Die Themen, die  in den n\u00e4chsten Sendungen behandelt werden, d\u00fcrfen also durchaus von  au\u00dfen mitbestimmt werden! Anregungen und Fragen bitte an  post@atomstopp.at!\u0093&#8220;, betonen Egger und Schweiger abschlie\u00dfend.<\/p>\n<p>Weitere Informationen:<br \/>\nRoland Egger +43 680 23 93 019<br \/>\nGabriele Schweiger + 43 680 33 33 625<\/p>\n","protected":false},"excerpt":{"rendered":"<p>Am 23.September um 17 Uhr geht es um die Atomhaftung &#8222;\u0084Wir freuen uns, mit unserer neuen Sendereihe an jedem 4. Dienstag im Monat um 17h den H\u00f6rerinnen und H\u00f6rern ein weiteres Informationsmagazin bieten zu k\u00f6nnen. Zur komplexen Thematik, warum Atomkraft &hellip; <a href=\"https:\/\/www.muettergegenatomgefahr.at\/?p=886\">Weiterlesen <span class=\"meta-nav\">&rarr;<\/span><\/a><\/p>\n","protected":false},"author":2,"featured_media":0,"comment_status":"open","ping_status":"open","sticky":false,"template":"","format":"standard","meta":{"footnotes":""},"categories":[1],"tags":[],"class_list":["post-886","post","type-post","status-publish","format-standard","hentry","category-allgemein"],"_links":{"self":[{"href":"https:\/\/www.muettergegenatomgefahr.at\/index.php?rest_route=\/wp\/v2\/posts\/886","targetHints":{"allow":["GET"]}}],"collection":[{"href":"https:\/\/www.muettergegenatomgefahr.at\/index.php?rest_route=\/wp\/v2\/posts"}],"about":[{"href":"https:\/\/www.muettergegenatomgefahr.at\/index.php?rest_route=\/wp\/v2\/types\/post"}],"author":[{"embeddable":true,"href":"https:\/\/www.muettergegenatomgefahr.at\/index.php?rest_route=\/wp\/v2\/users\/2"}],"replies":[{"embeddable":true,"href":"https:\/\/www.muettergegenatomgefahr.at\/index.php?rest_route=%2Fwp%2Fv2%2Fcomments&post=886"}],"version-history":[{"count":1,"href":"https:\/\/www.muettergegenatomgefahr.at\/index.php?rest_route=\/wp\/v2\/posts\/886\/revisions"}],"predecessor-version":[{"id":887,"href":"https:\/\/www.muettergegenatomgefahr.at\/index.php?rest_route=\/wp\/v2\/posts\/886\/revisions\/887"}],"wp:attachment":[{"href":"https:\/\/www.muettergegenatomgefahr.at\/index.php?rest_route=%2Fwp%2Fv2%2Fmedia&parent=886"}],"wp:term":[{"taxonomy":"category","embeddable":true,"href":"https:\/\/www.muettergegenatomgefahr.at\/index.php?rest_route=%2Fwp%2Fv2%2Fcategories&post=886"},{"taxonomy":"post_tag","embeddable":true,"href":"https:\/\/www.muettergegenatomgefahr.at\/index.php?rest_route=%2Fwp%2Fv2%2Ftags&post=886"}],"curies":[{"name":"wp","href":"https:\/\/api.w.org\/{rel}","templated":true}]}}