{"id":896,"date":"2014-10-08T11:55:05","date_gmt":"2014-10-08T09:55:05","guid":{"rendered":"http:\/\/www.muettergegenatomgefahr.at\/?p=896"},"modified":"2014-10-08T11:55:05","modified_gmt":"2014-10-08T09:55:05","slug":"atomstopp-skandal-entscheidung-pro-atomsubventionen-der-eu-kommission-schwarzer-tag-fur-antiatom-bewegung","status":"publish","type":"post","link":"https:\/\/www.muettergegenatomgefahr.at\/?p=896","title":{"rendered":"atomstopp: Skandal-Entscheidung pro Atomsubventionen der EU-Kommission: Schwarzer Tag f\u00fcr Antiatom-Bewegung"},"content":{"rendered":"<p><em>Radioaktive Europaflagge &#8211; Mahnwache am Taubenmarkt in Linz, morgen 9. Oktober \u2013 12 Uhr bis 17 Uhr<\/em><\/p>\n<p>\u201eDie gerade in \u00d6sterreich laufenden Tage der Nachhaltigkeit \u2013 vom Ministerium f\u00fcr ein lebenswertes \u00d6sterreich mitveranstaltet &#8211; stehen unter einem dunklen Stern. Es ist geradezu unfassbar, dass die scheidende EU-Kommission mit der Zustimmung zu beispiellosen Atomsubventionen f\u00fcr die britischen Reaktoren in Hinkley Point C m\u00f6glicherweise eine echte Atomrenaissance in Europa mitverursacht und damit dutzenden Generationen eine unverantwortbare B\u00fcrde aufzwingt!\u201c, so Roland Egger und Gabriele Schweiger, Sprecher von atomstopp_oberoesterreich.<\/p>\n<p>\u201eWir sind fassungslos und diese Fassungslosigkeit werden wir morgen bei der Mahnwache auch zum Ausdruck bringen. Die EU-Kommission ist zur Handlangerin der franz\u00f6sischen Atomlobby verkommen. Wir werden eine Nachbildung der Europaflagge bei der Mahnwache dabei haben \u2013 die \u00fcberwiegende Anzahl der Sterne wird aber durch Radioaktivit\u00e4tszeichen ersetzt werden.\u201c, so Egger und Schweiger weiter.<\/p>\n<p>\u201eWir erwarten von der \u00f6sterreichischen Bundesregierung, dass umgehend beim Europ\u00e4ischen Gerichtshof eine Nichtigkeitsklage gegen die Entscheidung der EU-Kommission eingebracht wird! Der Entscheidung der EU-Kommission tatenlos zuzusehen, w\u00e4re eine Verh\u00f6hnung der \u00f6sterreichischen Bev\u00f6lkerung, die sich immer wieder ganz klar und unmissverst\u00e4ndlich gegen die Atomkraft ausgesprochen hat!\u201c, so Egger und Schweiger abschlie\u00dfend.<\/p>\n<p>Weitere Informationen<\/p>\n<p>Roland Egger + 43 680 23 93 019<\/p>\n<p>Gabriele Schweiger +43 680 33 33 625<\/p>\n<p>&nbsp;<\/p>\n","protected":false},"excerpt":{"rendered":"<p>Radioaktive Europaflagge &#8211; Mahnwache am Taubenmarkt in Linz, morgen 9. Oktober \u2013 12 Uhr bis 17 Uhr \u201eDie gerade in \u00d6sterreich laufenden Tage der Nachhaltigkeit \u2013 vom Ministerium f\u00fcr ein lebenswertes \u00d6sterreich mitveranstaltet &#8211; stehen unter einem dunklen Stern. Es &hellip; <a href=\"https:\/\/www.muettergegenatomgefahr.at\/?p=896\">Weiterlesen <span class=\"meta-nav\">&rarr;<\/span><\/a><\/p>\n","protected":false},"author":2,"featured_media":0,"comment_status":"open","ping_status":"open","sticky":false,"template":"","format":"standard","meta":{"footnotes":""},"categories":[1],"tags":[],"class_list":["post-896","post","type-post","status-publish","format-standard","hentry","category-allgemein"],"_links":{"self":[{"href":"https:\/\/www.muettergegenatomgefahr.at\/index.php?rest_route=\/wp\/v2\/posts\/896","targetHints":{"allow":["GET"]}}],"collection":[{"href":"https:\/\/www.muettergegenatomgefahr.at\/index.php?rest_route=\/wp\/v2\/posts"}],"about":[{"href":"https:\/\/www.muettergegenatomgefahr.at\/index.php?rest_route=\/wp\/v2\/types\/post"}],"author":[{"embeddable":true,"href":"https:\/\/www.muettergegenatomgefahr.at\/index.php?rest_route=\/wp\/v2\/users\/2"}],"replies":[{"embeddable":true,"href":"https:\/\/www.muettergegenatomgefahr.at\/index.php?rest_route=%2Fwp%2Fv2%2Fcomments&post=896"}],"version-history":[{"count":2,"href":"https:\/\/www.muettergegenatomgefahr.at\/index.php?rest_route=\/wp\/v2\/posts\/896\/revisions"}],"predecessor-version":[{"id":898,"href":"https:\/\/www.muettergegenatomgefahr.at\/index.php?rest_route=\/wp\/v2\/posts\/896\/revisions\/898"}],"wp:attachment":[{"href":"https:\/\/www.muettergegenatomgefahr.at\/index.php?rest_route=%2Fwp%2Fv2%2Fmedia&parent=896"}],"wp:term":[{"taxonomy":"category","embeddable":true,"href":"https:\/\/www.muettergegenatomgefahr.at\/index.php?rest_route=%2Fwp%2Fv2%2Fcategories&post=896"},{"taxonomy":"post_tag","embeddable":true,"href":"https:\/\/www.muettergegenatomgefahr.at\/index.php?rest_route=%2Fwp%2Fv2%2Ftags&post=896"}],"curies":[{"name":"wp","href":"https:\/\/api.w.org\/{rel}","templated":true}]}}